{"id":17991,"date":"2026-02-03T05:45:00","date_gmt":"2026-02-03T05:45:00","guid":{"rendered":"https:\/\/thefundmentor.com\/c1f077a9-21ce-46bd-998f-3670b351bcfa\/"},"modified":"2026-02-03T05:45:02","modified_gmt":"2026-02-03T05:45:02","slug":"c1f077a9-21ce-46bd-998f-3670b351bcfa","status":"publish","type":"post","link":"https:\/\/thefundmentor.com\/pt_br\/c1f077a9-21ce-46bd-998f-3670b351bcfa\/","title":{"rendered":"Mitarbeiter:in f\u00fcr Tagesstruktur K\u00e4the Dorsch \u2013 Sozialarbeit mit Sinn, planbaren Arbeitszeiten und Entwicklungsm\u00f6glichkeiten"},"content":{"rendered":"<\/p>\n<\/p>\n<div style=\"background: #ffffff; border-radius: 12px; box-shadow: 0 10px 30px rgba(0, 0, 0, 0.1); width: 100%; max-width: 340px; padding: 25px; transition: transform 0.3s ease-in-out; overflow: visible; display: flex; flex-direction: column; position: relative; border: 1px solid #28a745; margin-top: 70px; margin-bottom: 50px; margin-left: auto; margin-right: auto;\">\n<div style=\"position: absolute; top: -35px; right: 15px; color: #28a745; padding: 5px 10px; border-radius: 6px; font-size: 14px; font-weight: bold; display: flex; align-items: center; z-index: 10;\">Empfohlen f\u00fcr Sie<\/div>\n<div data-namespace-header=\"\" style=\"\">\n<h3 data-namespace-title=\"\" style=\"color: #333; font-size: 20px; font-weight: bold; text-align: left; margin-right: 50px; min-height: 50px; margin-top: 0px;\">Mitarbeiter:in Tagesstruktur<\/h3>\n<\/p><\/div>\n<p data-namespace-prompt=\"\" style=\"font-size: 16px; color: #666; margin-bottom: 20px; line-height: 1.5; flex-grow: 1; text-align: left; margin-top: 0px;\">Begleiten Sie Menschen mit Unterst\u00fctzungsbedarf wertsch\u00e4tzend im Alltag. Flexible 25\u201330 Stunden, fair bezahlt, interessante Entwicklungsm\u00f6glichkeiten, psychosoziale Ausbildung gew\u00fcnscht.<\/p>\n<p>    <a data-namespace-url=\"\" href=\"https:\/\/thefundmentor.com\/pt_br\/redirect\/?https:\/\/www.behindertenarbeit.at\/167131\/mitarbeiterin-fuer-tagesstruktur-kaethe-dorsch\/?utm_campaign=google_jobs_apply&#038;utm_source=google_jobs_apply&#038;utm_medium=organic\" style=\"width: 100%; display: inline-block; color: white; text-decoration: none; border-radius: 6px; font-size: 16px; font-weight: bold; text-align: center; transition: transform 0.3s ease, background 0.3s ease; margin-top: auto;\" data-namespace-id=\"5c0d2565-3ba9-4280-a382-ad2a691e2285\"><br \/>\n        <button style=\"width: 100%; height: 55px; background: #e9e9ed; border: 1px solid black; color: black;\">Candidate-se agora<\/button><br \/>\n    <\/a><br \/>\n    <small style=\"margin-top: 10px; color: #777; font-size: 12px; text-align: center; display: block;\">Voc\u00ea est\u00e1 em outro site<\/small>\n<\/div>\n<h2>Der Job im \u00dcberblick<\/h2>\n<p>Die ausgeschriebene Position als Mitarbeiter:in f\u00fcr Tagesstruktur K\u00e4the Dorsch ist eine Teilzeitstelle im Ausma\u00df von 25 bis 30 Stunden. Das monatliche Bruttogehalt liegt bei 2.265,81 Euro (bei 30 Wochenstunden und Gehaltsstufe 1), wobei Vordienstzeiten bis zu 10 Jahre ber\u00fccksichtigt werden. Es handelt sich um eine sozialp\u00e4dagogische T\u00e4tigkeit, bei der Sie Menschen mit Behinderungen im Alltag begleiten und individuelle Tagesstrukturen f\u00f6rdern. Erwartet wird zumindest eine psychosoziale Ausbildung oder ein absolviertes UBV-Modul.<\/p>\n<p>Der Arbeitsalltag ist abwechslungsreich und besteht darin, Teilnehmer:innen der Tagesstruktur bei ihren Aktivit\u00e4ten zu unterst\u00fctzen und gemeinsam mit ihnen Routinen auszuarbeiten. Zwei Tage pro Woche begleiten Sie zudem gezielt einen jungen Mann im Autismus-Spektrum. Der Arbeitgeber bietet eine freundliche Teamkultur, die von Wertsch\u00e4tzung und Mitgestaltung lebt.<\/p>\n<p>Die Anstellung folgt dem SW\u00d6-Kollektivvertrag f\u00fcr den Sozialbereich und garantiert faire Arbeitsbedingungen. Bewerbungen werden per E-Mail an die zust\u00e4ndige Ansprechperson entgegengenommen. <\/p>\n<h2>Typischer Arbeitsalltag und Aufgaben<\/h2>\n<p>Im Mittelpunkt steht die individuelle Begleitung von Teilnehmer:innen mit unterschiedlichen Unterst\u00fctzungsbedarfen, insbesondere bei der Strukturierung des Tages und im Bereich Alltagsaktivit\u00e4ten.<\/p>\n<p>Gemeinsam wird ein verl\u00e4sslicher und nachvollziehbarer Tagesablauf gestaltet, wobei viel Raum f\u00fcr Eigeninitiative und Kreativit\u00e4t besteht.<\/p>\n<p>Zwei Tage pro Woche ist die intensive Unterst\u00fctzung eines jungen Mannes im Autismus-Spektrum gefragt \u2013 hier sind Geduld, Empathie und Kontinuit\u00e4t besonders wichtig.<\/p>\n<p>Im Team werden laufend M\u00f6glichkeiten zur Weiterentwicklung gesucht, sodass das gemeinsame Lernen im Fokus steht.<\/p>\n<p>Neben Organisationst\u00e4tigkeiten sind die Beziehungsarbeit und das Ansto\u00dfen von Lernprozessen zentrale Aufgaben des Jobs.<\/p>\n<h2>Positive Aspekte \u2013 Was spricht f\u00fcr die Stelle?<\/h2>\n<p>Die Arbeitszeiten sind planbar und familienfreundlich, wodurch sich Beruf und Privatleben einfacher vereinen lassen.<\/p>\n<p>Der Bruttolohn ist f\u00fcr die Branche in Ordnung, zus\u00e4tzlich werden Vordienstzeiten angerechnet, was die Verg\u00fctung attraktiver macht.<\/p>\n<p>BALANCE versteht sich als Arbeitgeber mit inklusivem Anspruch und lebt eine besonders wertsch\u00e4tzende und f\u00f6rdernde Teamkultur.<\/p>\n<p>Wer sich weiterentwickeln m\u00f6chte, profitiert hier von vielf\u00e4ltigen Lernm\u00f6glichkeiten und Unterst\u00fctzung seitens des Teams.<\/p>\n<p>Die Arbeit ist sinnerf\u00fcllt, da Sie direkt zum Wohl einer vielf\u00e4ltigen Zielgruppe beitragen.<\/p>\n<h2>Nachteile \u2013 Was sollte bedacht werden?<\/h2>\n<p>Der Arbeitsbereich verlangt oft hohe emotionale Belastbarkeit sowie Flexibilit\u00e4t, was nicht jedem liegt.<\/p>\n<p>Ohne mindestens eine psychosoziale Ausbildung oder ein absolviertes UBV-Modul ist eine Bewerbung leider nicht m\u00f6glich.<\/p>\n<p>Teilzeit bedeutet auch ein begrenztes Einkommen, was je nach Lebenssituation nachteilig wirken kann.<\/p>\n<p>Die Zielgruppe ben\u00f6tigt im Einzelfall viel Aufmerksamkeit und Ausdauer, was anstrengend sein kann.<\/p>\n<p>Wer sehr strukturierte oder routinierte Arbeit sucht, k\u00f6nnte mit dem dynamischen Alltag herausgefordert sein.<\/p>\n<h2>Fazit \u2013 Meine Einsch\u00e4tzung zur Position<\/h2>\n<p>Die Stelle als Mitarbeiter:in f\u00fcr Tagesstruktur K\u00e4the Dorsch ist ideal f\u00fcr Bewerber:innen, die sinnerf\u00fcllte Arbeit mit Entwicklungsspielraum suchen.<\/p>\n<p>Sie bietet faire Arbeitsbedingungen, planbare Arbeitszeiten und eine positive Teamatmosph\u00e4re.<\/p>\n<p>Wesentlich ist aber die Bereitschaft, sich auf komplexe und teils herausfordernde Alltagssituationen einzulassen.<\/p>\n<p>Wer Freude an sozialer Arbeit und Lust auf Mitgestaltung mitbringt, findet hier eine wertvolle und bereichernde Aufgabe.<\/p>\n<p>F\u00fcr motivierte, empathische Fachkr\u00e4fte ist diese Position definitiv einen n\u00e4heren Blick wert.<\/p>\n<div style=\"background: #ffffff; border-radius: 12px; box-shadow: 0 10px 30px rgba(0, 0, 0, 0.1); width: 100%; max-width: 340px; padding: 25px; transition: transform 0.3s ease-in-out; overflow: visible; display: flex; flex-direction: column; position: relative; border: 1px solid #28a745; margin-top: 70px; margin-bottom: 50px; margin-left: auto; margin-right: auto;\">\n<div style=\"position: absolute; top: -35px; right: 15px; color: #28a745; padding: 5px 10px; border-radius: 6px; font-size: 14px; font-weight: bold; display: flex; align-items: center; z-index: 10;\">Empfohlen f\u00fcr Sie<\/div>\n<div data-namespace-header=\"\" style=\"\">\n<h3 data-namespace-title=\"\" style=\"color: #333; font-size: 20px; font-weight: bold; text-align: left; margin-right: 50px; min-height: 50px; margin-top: 0px;\">Mitarbeiter:in Tagesstruktur<\/h3>\n<\/p><\/div>\n<p data-namespace-prompt=\"\" style=\"font-size: 16px; color: #666; margin-bottom: 20px; line-height: 1.5; flex-grow: 1; text-align: left; margin-top: 0px;\">Begleiten Sie Menschen mit Unterst\u00fctzungsbedarf wertsch\u00e4tzend im Alltag. Flexible 25\u201330 Stunden, fair bezahlt, interessante Entwicklungsm\u00f6glichkeiten, psychosoziale Ausbildung gew\u00fcnscht.<\/p>\n<p>    <a data-namespace-url=\"\" href=\"https:\/\/thefundmentor.com\/pt_br\/redirect\/?https:\/\/www.behindertenarbeit.at\/167131\/mitarbeiterin-fuer-tagesstruktur-kaethe-dorsch\/?utm_campaign=google_jobs_apply&#038;utm_source=google_jobs_apply&#038;utm_medium=organic\" style=\"width: 100%; display: inline-block; color: white; text-decoration: none; border-radius: 6px; font-size: 16px; font-weight: bold; text-align: center; transition: transform 0.3s ease, background 0.3s ease; margin-top: auto;\" data-namespace-id=\"5c0d2565-3ba9-4280-a382-ad2a691e2285\"><br \/>\n        <button style=\"width: 100%; height: 55px; background: #e9e9ed; border: 1px solid black; color: black;\">Candidate-se agora<\/button><br \/>\n    <\/a><br \/>\n    <small style=\"margin-top: 10px; color: #777; font-size: 12px; text-align: center; display: block;\">Voc\u00ea est\u00e1 em outro site<\/small>\n<\/div>","protected":false},"excerpt":{"rendered":"<p>Jetzt als Mitarbeiter:in Tagesstruktur K\u00e4the Dorsch bewerben! Flexible Teilzeit, faire Bezahlung, sinnerf\u00fcllte Sozialarbeit, Teamkultur, Entwicklungschancen \u2013 ideal f\u00fcr engagierte Fachkr\u00e4fte.<\/p>","protected":false},"author":3,"featured_media":0,"comment_status":"open","ping_status":"open","sticky":false,"template":"","format":"standard","meta":{"_uag_custom_page_level_css":"","site-sidebar-layout":"default","site-content-layout":"","ast-site-content-layout":"","site-content-style":"default","site-sidebar-style":"default","ast-global-header-display":"","ast-banner-title-visibility":"","ast-main-header-display":"","ast-hfb-above-header-display":"","ast-hfb-below-header-display":"","ast-hfb-mobile-header-display":"","site-post-title":"","ast-breadcrumbs-content":"","ast-featured-img":"","footer-sml-layout":"","theme-transparent-header-meta":"","adv-header-id-meta":"","stick-header-meta":"","header-above-stick-meta":"","header-main-stick-meta":"","header-below-stick-meta":"","astra-migrate-meta-layouts":"default","ast-page-background-enabled":"default","ast-page-background-meta":{"desktop":{"background-color":"var(--ast-global-color-4)","background-image":"","background-repeat":"repeat","background-position":"center center","background-size":"auto","background-attachment":"scroll","background-type":"","background-media":"","overlay-type":"","overlay-color":"","overlay-opacity":"","overlay-gradient":""},"tablet":{"background-color":"","background-image":"","background-repeat":"repeat","background-position":"center center","background-size":"auto","background-attachment":"scroll","background-type":"","background-media":"","overlay-type":"","overlay-color":"","overlay-opacity":"","overlay-gradient":""},"mobile":{"background-color":"","background-image":"","background-repeat":"repeat","background-position":"center center","background-size":"auto","background-attachment":"scroll","background-type":"","background-media":"","overlay-type":"","overlay-color":"","overlay-opacity":"","overlay-gradient":""}},"ast-content-background-meta":{"desktop":{"background-color":"var(--ast-global-color-5)","background-image":"","background-repeat":"repeat","background-position":"center center","background-size":"auto","background-attachment":"scroll","background-type":"","background-media":"","overlay-type":"","overlay-color":"","overlay-opacity":"","overlay-gradient":""},"tablet":{"background-color":"var(--ast-global-color-5)","background-image":"","background-repeat":"repeat","background-position":"center center","background-size":"auto","background-attachment":"scroll","background-type":"","background-media":"","overlay-type":"","overlay-color":"","overlay-opacity":"","overlay-gradient":""},"mobile":{"background-color":"var(--ast-global-color-5)","background-image":"","background-repeat":"repeat","background-position":"center center","background-size":"auto","background-attachment":"scroll","background-type":"","background-media":"","overlay-type":"","overlay-color":"","overlay-opacity":"","overlay-gradient":""}},"footnotes":""},"categories":[9],"tags":[],"yoast_head":"<!-- This site is optimized with the Yoast SEO plugin v23.3 - https:\/\/yoast.com\/wordpress\/plugins\/seo\/ -->\n<title>Mitarbeiter:in f\u00fcr Tagesstruktur K\u00e4the Dorsch \u2013 Sozialarbeit mit Sinn, planbaren Arbeitszeiten und Entwicklungsm\u00f6glichkeiten - The Fund Mentor<\/title>\n<meta name=\"robots\" content=\"index, follow, max-snippet:-1, max-image-preview:large, max-video-preview:-1\" \/>\n<link rel=\"canonical\" href=\"https:\/\/thefundmentor.com\/pt_br\/c1f077a9-21ce-46bd-998f-3670b351bcfa\/\" \/>\n<meta property=\"og:locale\" content=\"pt_BR\" \/>\n<meta property=\"og:type\" content=\"article\" \/>\n<meta property=\"og:title\" content=\"Mitarbeiter:in f\u00fcr Tagesstruktur K\u00e4the Dorsch \u2013 Sozialarbeit mit Sinn, planbaren Arbeitszeiten und Entwicklungsm\u00f6glichkeiten - The Fund Mentor\" \/>\n<meta property=\"og:description\" content=\"Jetzt als Mitarbeiter:in Tagesstruktur K\u00e4the Dorsch bewerben! Flexible Teilzeit, faire Bezahlung, sinnerf\u00fcllte Sozialarbeit, Teamkultur, Entwicklungschancen \u2013 ideal f\u00fcr engagierte Fachkr\u00e4fte.\" \/>\n<meta property=\"og:url\" content=\"https:\/\/thefundmentor.com\/pt_br\/c1f077a9-21ce-46bd-998f-3670b351bcfa\/\" \/>\n<meta property=\"og:site_name\" content=\"The Fund Mentor\" \/>\n<meta property=\"article:published_time\" content=\"2026-02-03T05:45:00+00:00\" \/>\n<meta property=\"article:modified_time\" content=\"2026-02-03T05:45:02+00:00\" \/>\n<meta name=\"author\" content=\"Bruno Gianni\" \/>\n<meta name=\"twitter:card\" content=\"summary_large_image\" \/>\n<meta name=\"twitter:label1\" content=\"Written by\" \/>\n\t<meta name=\"twitter:data1\" content=\"Bruno Gianni\" \/>\n\t<meta name=\"twitter:label2\" content=\"Est. reading time\" \/>\n\t<meta name=\"twitter:data2\" content=\"3 minutos\" \/>\n<script type=\"application\/ld+json\" class=\"yoast-schema-graph\">{\"@context\":\"https:\/\/schema.org\",\"@graph\":[{\"@type\":\"Article\",\"@id\":\"https:\/\/thefundmentor.com\/c1f077a9-21ce-46bd-998f-3670b351bcfa\/#article\",\"isPartOf\":{\"@id\":\"https:\/\/thefundmentor.com\/c1f077a9-21ce-46bd-998f-3670b351bcfa\/\"},\"author\":{\"name\":\"Bruno Gianni\",\"@id\":\"https:\/\/thefundmentor.com\/#\/schema\/person\/d52888235fd6563bd07d97185d6a61e4\"},\"headline\":\"Mitarbeiter:in f\u00fcr Tagesstruktur K\u00e4the Dorsch \u2013 Sozialarbeit mit Sinn, planbaren Arbeitszeiten und Entwicklungsm\u00f6glichkeiten\",\"datePublished\":\"2026-02-03T05:45:00+00:00\",\"dateModified\":\"2026-02-03T05:45:02+00:00\",\"mainEntityOfPage\":{\"@id\":\"https:\/\/thefundmentor.com\/c1f077a9-21ce-46bd-998f-3670b351bcfa\/\"},\"wordCount\":598,\"commentCount\":0,\"publisher\":{\"@id\":\"https:\/\/thefundmentor.com\/#organization\"},\"articleSection\":[\"Hidden\"],\"inLanguage\":\"pt-BR\",\"potentialAction\":[{\"@type\":\"CommentAction\",\"name\":\"Comment\",\"target\":[\"https:\/\/thefundmentor.com\/c1f077a9-21ce-46bd-998f-3670b351bcfa\/#respond\"]}]},{\"@type\":\"WebPage\",\"@id\":\"https:\/\/thefundmentor.com\/c1f077a9-21ce-46bd-998f-3670b351bcfa\/\",\"url\":\"https:\/\/thefundmentor.com\/c1f077a9-21ce-46bd-998f-3670b351bcfa\/\",\"name\":\"Mitarbeiter:in f\u00fcr Tagesstruktur K\u00e4the Dorsch \u2013 Sozialarbeit mit Sinn, planbaren Arbeitszeiten und Entwicklungsm\u00f6glichkeiten - The Fund Mentor\",\"isPartOf\":{\"@id\":\"https:\/\/thefundmentor.com\/#website\"},\"datePublished\":\"2026-02-03T05:45:00+00:00\",\"dateModified\":\"2026-02-03T05:45:02+00:00\",\"breadcrumb\":{\"@id\":\"https:\/\/thefundmentor.com\/c1f077a9-21ce-46bd-998f-3670b351bcfa\/#breadcrumb\"},\"inLanguage\":\"pt-BR\",\"potentialAction\":[{\"@type\":\"ReadAction\",\"target\":[\"https:\/\/thefundmentor.com\/c1f077a9-21ce-46bd-998f-3670b351bcfa\/\"]}]},{\"@type\":\"BreadcrumbList\",\"@id\":\"https:\/\/thefundmentor.com\/c1f077a9-21ce-46bd-998f-3670b351bcfa\/#breadcrumb\",\"itemListElement\":[{\"@type\":\"ListItem\",\"position\":1,\"name\":\"Home\",\"item\":\"https:\/\/thefundmentor.com\/\"},{\"@type\":\"ListItem\",\"position\":2,\"name\":\"Mitarbeiter:in f\u00fcr Tagesstruktur K\u00e4the Dorsch \u2013 Sozialarbeit mit Sinn, planbaren Arbeitszeiten und Entwicklungsm\u00f6glichkeiten\"}]},{\"@type\":\"WebSite\",\"@id\":\"https:\/\/thefundmentor.com\/#website\",\"url\":\"https:\/\/thefundmentor.com\/\",\"name\":\"The Fund Mentor\",\"description\":\"\",\"publisher\":{\"@id\":\"https:\/\/thefundmentor.com\/#organization\"},\"potentialAction\":[{\"@type\":\"SearchAction\",\"target\":{\"@type\":\"EntryPoint\",\"urlTemplate\":\"https:\/\/thefundmentor.com\/?s={search_term_string}\"},\"query-input\":\"required name=search_term_string\"}],\"inLanguage\":\"pt-BR\"},{\"@type\":\"Organization\",\"@id\":\"https:\/\/thefundmentor.com\/#organization\",\"name\":\"The Fund Mentor\",\"url\":\"https:\/\/thefundmentor.com\/\",\"logo\":{\"@type\":\"ImageObject\",\"inLanguage\":\"pt-BR\",\"@id\":\"https:\/\/thefundmentor.com\/#\/schema\/logo\/image\/\",\"url\":\"https:\/\/thefundmentor.com\/wp-content\/uploads\/sites\/506\/2025\/11\/Logo-The-Fund-Mentor.png\",\"contentUrl\":\"https:\/\/thefundmentor.com\/wp-content\/uploads\/sites\/506\/2025\/11\/Logo-The-Fund-Mentor.png\",\"width\":600,\"height\":600,\"caption\":\"The Fund Mentor\"},\"image\":{\"@id\":\"https:\/\/thefundmentor.com\/#\/schema\/logo\/image\/\"}},{\"@type\":\"Person\",\"@id\":\"https:\/\/thefundmentor.com\/#\/schema\/person\/d52888235fd6563bd07d97185d6a61e4\",\"name\":\"Bruno Gianni\",\"image\":{\"@type\":\"ImageObject\",\"inLanguage\":\"pt-BR\",\"@id\":\"https:\/\/thefundmentor.com\/#\/schema\/person\/image\/\",\"url\":\"https:\/\/secure.gravatar.com\/avatar\/0f5d42d7bf77874643c1478932860e3f?s=96&d=mm&r=g\",\"contentUrl\":\"https:\/\/secure.gravatar.com\/avatar\/0f5d42d7bf77874643c1478932860e3f?s=96&d=mm&r=g\",\"caption\":\"Bruno Gianni\"},\"description\":\"Bruno writes the way he lives, with curiosity, care, and respect for people. He likes to observe, listen, and try to understand what is happening on the other side before putting any words on the page.For him, writing is not about impressing, but about getting closer. It is about turning thoughts into something simple, clear, and real. Every text is an ongoing conversation, created with care and honesty, with the sincere intention of touching someone, somewhere along the way.\",\"url\":\"https:\/\/thefundmentor.com\/pt_br\/author\/bcgianni\/\"}]}<\/script>\n<!-- \/ Yoast SEO plugin. -->","yoast_head_json":{"title":"Mitarbeiter:in f\u00fcr Tagesstruktur K\u00e4the Dorsch \u2013 Sozialarbeit mit Sinn, planbaren Arbeitszeiten und Entwicklungsm\u00f6glichkeiten - The Fund Mentor","robots":{"index":"index","follow":"follow","max-snippet":"max-snippet:-1","max-image-preview":"max-image-preview:large","max-video-preview":"max-video-preview:-1"},"canonical":"https:\/\/thefundmentor.com\/pt_br\/c1f077a9-21ce-46bd-998f-3670b351bcfa\/","og_locale":"pt_BR","og_type":"article","og_title":"Mitarbeiter:in f\u00fcr Tagesstruktur K\u00e4the Dorsch \u2013 Sozialarbeit mit Sinn, planbaren Arbeitszeiten und Entwicklungsm\u00f6glichkeiten - The Fund Mentor","og_description":"Jetzt als Mitarbeiter:in Tagesstruktur K\u00e4the Dorsch bewerben! Flexible Teilzeit, faire Bezahlung, sinnerf\u00fcllte Sozialarbeit, Teamkultur, Entwicklungschancen \u2013 ideal f\u00fcr engagierte Fachkr\u00e4fte.","og_url":"https:\/\/thefundmentor.com\/pt_br\/c1f077a9-21ce-46bd-998f-3670b351bcfa\/","og_site_name":"The Fund Mentor","article_published_time":"2026-02-03T05:45:00+00:00","article_modified_time":"2026-02-03T05:45:02+00:00","author":"Bruno Gianni","twitter_card":"summary_large_image","twitter_misc":{"Written by":"Bruno Gianni","Est. reading time":"3 minutos"},"schema":{"@context":"https:\/\/schema.org","@graph":[{"@type":"Article","@id":"https:\/\/thefundmentor.com\/c1f077a9-21ce-46bd-998f-3670b351bcfa\/#article","isPartOf":{"@id":"https:\/\/thefundmentor.com\/c1f077a9-21ce-46bd-998f-3670b351bcfa\/"},"author":{"name":"Bruno Gianni","@id":"https:\/\/thefundmentor.com\/#\/schema\/person\/d52888235fd6563bd07d97185d6a61e4"},"headline":"Mitarbeiter:in f\u00fcr Tagesstruktur K\u00e4the Dorsch \u2013 Sozialarbeit mit Sinn, planbaren Arbeitszeiten und Entwicklungsm\u00f6glichkeiten","datePublished":"2026-02-03T05:45:00+00:00","dateModified":"2026-02-03T05:45:02+00:00","mainEntityOfPage":{"@id":"https:\/\/thefundmentor.com\/c1f077a9-21ce-46bd-998f-3670b351bcfa\/"},"wordCount":598,"commentCount":0,"publisher":{"@id":"https:\/\/thefundmentor.com\/#organization"},"articleSection":["Hidden"],"inLanguage":"pt-BR","potentialAction":[{"@type":"CommentAction","name":"Comment","target":["https:\/\/thefundmentor.com\/c1f077a9-21ce-46bd-998f-3670b351bcfa\/#respond"]}]},{"@type":"WebPage","@id":"https:\/\/thefundmentor.com\/c1f077a9-21ce-46bd-998f-3670b351bcfa\/","url":"https:\/\/thefundmentor.com\/c1f077a9-21ce-46bd-998f-3670b351bcfa\/","name":"Mitarbeiter:in f\u00fcr Tagesstruktur K\u00e4the Dorsch \u2013 Sozialarbeit mit Sinn, planbaren Arbeitszeiten und Entwicklungsm\u00f6glichkeiten - The Fund Mentor","isPartOf":{"@id":"https:\/\/thefundmentor.com\/#website"},"datePublished":"2026-02-03T05:45:00+00:00","dateModified":"2026-02-03T05:45:02+00:00","breadcrumb":{"@id":"https:\/\/thefundmentor.com\/c1f077a9-21ce-46bd-998f-3670b351bcfa\/#breadcrumb"},"inLanguage":"pt-BR","potentialAction":[{"@type":"ReadAction","target":["https:\/\/thefundmentor.com\/c1f077a9-21ce-46bd-998f-3670b351bcfa\/"]}]},{"@type":"BreadcrumbList","@id":"https:\/\/thefundmentor.com\/c1f077a9-21ce-46bd-998f-3670b351bcfa\/#breadcrumb","itemListElement":[{"@type":"ListItem","position":1,"name":"Home","item":"https:\/\/thefundmentor.com\/"},{"@type":"ListItem","position":2,"name":"Mitarbeiter:in f\u00fcr Tagesstruktur K\u00e4the Dorsch \u2013 Sozialarbeit mit Sinn, planbaren Arbeitszeiten und Entwicklungsm\u00f6glichkeiten"}]},{"@type":"WebSite","@id":"https:\/\/thefundmentor.com\/#website","url":"https:\/\/thefundmentor.com\/","name":"The Fund Mentor","description":"","publisher":{"@id":"https:\/\/thefundmentor.com\/#organization"},"potentialAction":[{"@type":"SearchAction","target":{"@type":"EntryPoint","urlTemplate":"https:\/\/thefundmentor.com\/?s={search_term_string}"},"query-input":"required name=search_term_string"}],"inLanguage":"pt-BR"},{"@type":"Organization","@id":"https:\/\/thefundmentor.com\/#organization","name":"The Fund Mentor","url":"https:\/\/thefundmentor.com\/","logo":{"@type":"ImageObject","inLanguage":"pt-BR","@id":"https:\/\/thefundmentor.com\/#\/schema\/logo\/image\/","url":"https:\/\/thefundmentor.com\/wp-content\/uploads\/sites\/506\/2025\/11\/Logo-The-Fund-Mentor.png","contentUrl":"https:\/\/thefundmentor.com\/wp-content\/uploads\/sites\/506\/2025\/11\/Logo-The-Fund-Mentor.png","width":600,"height":600,"caption":"The Fund Mentor"},"image":{"@id":"https:\/\/thefundmentor.com\/#\/schema\/logo\/image\/"}},{"@type":"Person","@id":"https:\/\/thefundmentor.com\/#\/schema\/person\/d52888235fd6563bd07d97185d6a61e4","name":"Bruno Gianni","image":{"@type":"ImageObject","inLanguage":"pt-BR","@id":"https:\/\/thefundmentor.com\/#\/schema\/person\/image\/","url":"https:\/\/secure.gravatar.com\/avatar\/0f5d42d7bf77874643c1478932860e3f?s=96&d=mm&r=g","contentUrl":"https:\/\/secure.gravatar.com\/avatar\/0f5d42d7bf77874643c1478932860e3f?s=96&d=mm&r=g","caption":"Bruno Gianni"},"description":"Bruno writes the way he lives, with curiosity, care, and respect for people. He likes to observe, listen, and try to understand what is happening on the other side before putting any words on the page.For him, writing is not about impressing, but about getting closer. It is about turning thoughts into something simple, clear, and real. Every text is an ongoing conversation, created with care and honesty, with the sincere intention of touching someone, somewhere along the way.","url":"https:\/\/thefundmentor.com\/pt_br\/author\/bcgianni\/"}]}},"uagb_featured_image_src":{"full":false,"thumbnail":false,"medium":false,"medium_large":false,"large":false,"1536x1536":false,"2048x2048":false,"trp-custom-language-flag":false},"uagb_author_info":{"display_name":"Bruno Gianni","author_link":"https:\/\/thefundmentor.com\/pt_br\/author\/bcgianni\/"},"uagb_comment_info":0,"uagb_excerpt":"Jetzt als Mitarbeiter:in Tagesstruktur K\u00e4the Dorsch bewerben! Flexible Teilzeit, faire Bezahlung, sinnerf\u00fcllte Sozialarbeit, Teamkultur, Entwicklungschancen \u2013 ideal f\u00fcr engagierte Fachkr\u00e4fte.","_links":{"self":[{"href":"https:\/\/thefundmentor.com\/pt_br\/wp-json\/wp\/v2\/posts\/17991"}],"collection":[{"href":"https:\/\/thefundmentor.com\/pt_br\/wp-json\/wp\/v2\/posts"}],"about":[{"href":"https:\/\/thefundmentor.com\/pt_br\/wp-json\/wp\/v2\/types\/post"}],"author":[{"embeddable":true,"href":"https:\/\/thefundmentor.com\/pt_br\/wp-json\/wp\/v2\/users\/3"}],"replies":[{"embeddable":true,"href":"https:\/\/thefundmentor.com\/pt_br\/wp-json\/wp\/v2\/comments?post=17991"}],"version-history":[{"count":1,"href":"https:\/\/thefundmentor.com\/pt_br\/wp-json\/wp\/v2\/posts\/17991\/revisions"}],"predecessor-version":[{"id":18005,"href":"https:\/\/thefundmentor.com\/pt_br\/wp-json\/wp\/v2\/posts\/17991\/revisions\/18005"}],"wp:attachment":[{"href":"https:\/\/thefundmentor.com\/pt_br\/wp-json\/wp\/v2\/media?parent=17991"}],"wp:term":[{"taxonomy":"category","embeddable":true,"href":"https:\/\/thefundmentor.com\/pt_br\/wp-json\/wp\/v2\/categories?post=17991"},{"taxonomy":"post_tag","embeddable":true,"href":"https:\/\/thefundmentor.com\/pt_br\/wp-json\/wp\/v2\/tags?post=17991"}],"curies":[{"name":"wp","href":"https:\/\/api.w.org\/{rel}","templated":true}]}}