{"id":33442,"date":"2026-03-03T11:20:00","date_gmt":"2026-03-03T11:20:00","guid":{"rendered":"https:\/\/thefundmentor.com\/98edaf38-1a00-4885-aa76-3c825dd9ef89\/"},"modified":"2026-03-03T11:20:07","modified_gmt":"2026-03-03T11:20:07","slug":"98edaf38-1a00-4885-aa76-3c825dd9ef89","status":"publish","type":"post","link":"https:\/\/thefundmentor.com\/pt\/98edaf38-1a00-4885-aa76-3c825dd9ef89\/","title":{"rendered":"Pflegefachkraft (m\/w\/d) \u2013 Top-Arbeitsklima, Weiterbildung &#038; Bike-Leasing"},"content":{"rendered":"<\/p>\n<\/p>\n<div style=\"background: #ffffff; border-radius: 12px; box-shadow: 0 10px 30px rgba(0, 0, 0, 0.1); width: 100%; max-width: 340px; padding: 25px; transition: transform 0.3s ease-in-out; overflow: visible; display: flex; flex-direction: column; position: relative; border: 1px solid #28a745; margin-top: 70px; margin-bottom: 50px; margin-left: auto; margin-right: auto;\">\n<div style=\"position: absolute; top: -35px; right: 15px; color: #28a745; padding: 5px 10px; border-radius: 6px; font-size: 14px; font-weight: bold; display: flex; align-items: center; z-index: 10;\">Empfohlen f\u00fcr Sie<\/div>\n<div data-namespace-header=\"\" style=\"\">\n<h3 data-namespace-title=\"\" style=\"color: #333; font-size: 20px; font-weight: bold; text-align: left; margin-right: 50px; min-height: 50px; margin-top: 0px;\">Pflegefachkraft (m\/w\/d)<\/h3>\n<\/p><\/div>\n<p data-namespace-prompt=\"\" style=\"font-size: 16px; color: #666; margin-bottom: 20px; line-height: 1.5; flex-grow: 1; text-align: left; margin-top: 0px;\">Jetzt Pflegefachkraft oder ungelernt starten! Unbefristeter Vertrag, flexible Arbeitszeiten, Weiterbildung und Bike-Leasing im engagierten Team erwarten Sie.<\/p>\n<p>    <a data-namespace-url=\"\" href=\"https:\/\/thefundmentor.com\/pt\/redirect\/?https:\/\/de.indeed.com\/viewjob?jk=80ad5bc4b4f0faac&#038;utm_campaign=google_jobs_apply&#038;utm_source=google_jobs_apply&#038;utm_medium=organic\" style=\"width: 100%; display: inline-block; color: white; text-decoration: none; border-radius: 6px; font-size: 16px; font-weight: bold; text-align: center; transition: transform 0.3s ease, background 0.3s ease; margin-top: auto;\" data-namespace-id=\"5c0d2565-3ba9-4280-a382-ad2a691e2285\"><br \/>\n        <button style=\"width: 100%; height: 55px; background: #e9e9ed; border: 1px solid black; color: black;\">Jetzt zur Stelle bewerben<\/button><br \/>\n    <\/a><br \/>\n    <small style=\"margin-top: 10px; color: #777; font-size: 12px; text-align: center; display: block;\">Sie werden zu einer anderen Website weitergeleitet<\/small>\n<\/div>\n<p>Die ausgeschriebene Position als Pflegefachkraft oder ungelernte Pflegekraft (m\/w\/d) bietet die M\u00f6glichkeit, Teil eines professionellen und offenen Teams zu werden. Das Besch\u00e4ftigungsverh\u00e4ltnis ist unbefristet und wird sowohl in Vollzeit als auch in Teilzeit angeboten. Die Verg\u00fctung erfolgt nach den attraktiven AVR-Caritas-Tarifen, inklusive zus\u00e4tzlicher Altersvorsorge und Sonderzahlungen. Auch flexible Arbeitszeiten sowie M\u00f6glichkeiten zur Vereinbarkeit von Familie und Beruf werden geboten.<\/p>\n<h2>Einblicke in die t\u00e4glichen Aufgaben<\/h2>\n<p>Die Pflegefachkraft ist eigenst\u00e4ndig f\u00fcr pflegerische T\u00e4tigkeiten zust\u00e4ndig und unterst\u00fctzt die Bewohner etwa bei der Nahrungsaufnahme. Zu den wichtigsten Aufgaben z\u00e4hlen weiterhin die sorgf\u00e4ltige Umsetzung hausinterner Standards und die Teilnahme an Weiterbildungen. Bereitschaft zur Teamarbeit und Mitwirkung an der Entwicklung individueller Pflegepl\u00e4ne werden erwartet. Wer Freude am Umgang mit \u00e4lteren Menschen hat und bereit ist, sich regelm\u00e4\u00dfig fortzubilden, findet hier die passende Arbeitsstelle.<\/p>\n<h2>Vantagens da posi\u00e7\u00e3o<\/h2>\n<p>Zu den besonderen Vorteilen z\u00e4hlen eine fundierte Einarbeitung, ein unterst\u00fctzendes, kollegiales Umfeld und flache Hierarchien. Auch die Transparenz im Arbeitsalltag sorgt f\u00fcr Motivation. Besonders hervorzuheben sind Bike-Leasing-Angebote sowie Bezuschussungen f\u00fcr sportliche Aktivit\u00e4ten. Individuelle Weiterbildungsma\u00dfnahmen st\u00e4rken zus\u00e4tzlich die pers\u00f6nliche Entwicklung. Somit bleibt die Arbeitsstelle auch langfristig attraktiv und zukunftssicher.<\/p>\n<h2>Desvantagens da posi\u00e7\u00e3o<\/h2>\n<p>Wie in der Pflegebranche \u00fcblich, kann es zu emotional fordernden Situationen im Alltag kommen. Auch Schichtarbeit und Dienst an Feiertagen sind nicht ausgeschlossen. Ein weiteres Kriterium: Der Nachweis einer Covid-19-Impfung ist vorausgesetzt. Zudem sind solide Deutschkenntnisse zwingend erforderlich, um den Herausforderungen gewachsen zu sein. Geringf\u00fcgige Besch\u00e4ftigung ist zwar m\u00f6glich, bietet jedoch weniger langfristige Sicherheit als eine Festanstellung.<\/p>\n<h2>Fazit zur ausgeschriebenen Stelle<\/h2>\n<p>Alles in allem profitieren Bewerber hier von einem stabilen Arbeitsplatz mit modernen Zusatzleistungen und pers\u00f6nlicher Betreuung. Wer einen sicheren und abwechslungsreichen Job mit Teamorientierung sucht, ist bei dieser Position sehr gut aufgehoben. Besonders f\u00fcr Quereinsteiger ist diese Chance ideal.<\/p>\n<div style=\"background: #ffffff; border-radius: 12px; box-shadow: 0 10px 30px rgba(0, 0, 0, 0.1); width: 100%; max-width: 340px; padding: 25px; transition: transform 0.3s ease-in-out; overflow: visible; display: flex; flex-direction: column; position: relative; border: 1px solid #28a745; margin-top: 70px; margin-bottom: 50px; margin-left: auto; margin-right: auto;\">\n<div style=\"position: absolute; top: -35px; right: 15px; color: #28a745; padding: 5px 10px; border-radius: 6px; font-size: 14px; font-weight: bold; display: flex; align-items: center; z-index: 10;\">Empfohlen f\u00fcr Sie<\/div>\n<div data-namespace-header=\"\" style=\"\">\n<h3 data-namespace-title=\"\" style=\"color: #333; font-size: 20px; font-weight: bold; text-align: left; margin-right: 50px; min-height: 50px; margin-top: 0px;\">Pflegefachkraft (m\/w\/d)<\/h3>\n<\/p><\/div>\n<p data-namespace-prompt=\"\" style=\"font-size: 16px; color: #666; margin-bottom: 20px; line-height: 1.5; flex-grow: 1; text-align: left; margin-top: 0px;\">Jetzt Pflegefachkraft oder ungelernt starten! Unbefristeter Vertrag, flexible Arbeitszeiten, Weiterbildung und Bike-Leasing im engagierten Team erwarten Sie.<\/p>\n<p>    <a data-namespace-url=\"\" href=\"https:\/\/thefundmentor.com\/pt\/redirect\/?https:\/\/de.indeed.com\/viewjob?jk=80ad5bc4b4f0faac&#038;utm_campaign=google_jobs_apply&#038;utm_source=google_jobs_apply&#038;utm_medium=organic\" style=\"width: 100%; display: inline-block; color: white; text-decoration: none; border-radius: 6px; font-size: 16px; font-weight: bold; text-align: center; transition: transform 0.3s ease, background 0.3s ease; margin-top: auto;\" data-namespace-id=\"5c0d2565-3ba9-4280-a382-ad2a691e2285\"><br \/>\n        <button style=\"width: 100%; height: 55px; background: #e9e9ed; border: 1px solid black; color: black;\">Jetzt zur Stelle bewerben<\/button><br \/>\n    <\/a><br \/>\n    <small style=\"margin-top: 10px; color: #777; font-size: 12px; text-align: center; display: block;\">Sie werden zu einer anderen Website weitergeleitet<\/small>\n<\/div>","protected":false},"excerpt":{"rendered":"<p>Bewerben Sie sich jetzt als Pflegefachkraft (m\/w\/d) mit unbefristetem Vertrag, Weiterbildung, Bike-Leasing und freundlichem Team. Sichern Sie sich einen zukunftssicheren Arbeitsplatz.<\/p>","protected":false},"author":3,"featured_media":0,"comment_status":"open","ping_status":"open","sticky":false,"template":"","format":"standard","meta":{"_uag_custom_page_level_css":"","site-sidebar-layout":"default","site-content-layout":"","ast-site-content-layout":"","site-content-style":"default","site-sidebar-style":"default","ast-global-header-display":"","ast-banner-title-visibility":"","ast-main-header-display":"","ast-hfb-above-header-display":"","ast-hfb-below-header-display":"","ast-hfb-mobile-header-display":"","site-post-title":"","ast-breadcrumbs-content":"","ast-featured-img":"","footer-sml-layout":"","theme-transparent-header-meta":"","adv-header-id-meta":"","stick-header-meta":"","header-above-stick-meta":"","header-main-stick-meta":"","header-below-stick-meta":"","astra-migrate-meta-layouts":"default","ast-page-background-enabled":"default","ast-page-background-meta":{"desktop":{"background-color":"var(--ast-global-color-4)","background-image":"","background-repeat":"repeat","background-position":"center center","background-size":"auto","background-attachment":"scroll","background-type":"","background-media":"","overlay-type":"","overlay-color":"","overlay-opacity":"","overlay-gradient":""},"tablet":{"background-color":"","background-image":"","background-repeat":"repeat","background-position":"center center","background-size":"auto","background-attachment":"scroll","background-type":"","background-media":"","overlay-type":"","overlay-color":"","overlay-opacity":"","overlay-gradient":""},"mobile":{"background-color":"","background-image":"","background-repeat":"repeat","background-position":"center center","background-size":"auto","background-attachment":"scroll","background-type":"","background-media":"","overlay-type":"","overlay-color":"","overlay-opacity":"","overlay-gradient":""}},"ast-content-background-meta":{"desktop":{"background-color":"var(--ast-global-color-5)","background-image":"","background-repeat":"repeat","background-position":"center center","background-size":"auto","background-attachment":"scroll","background-type":"","background-media":"","overlay-type":"","overlay-color":"","overlay-opacity":"","overlay-gradient":""},"tablet":{"background-color":"var(--ast-global-color-5)","background-image":"","background-repeat":"repeat","background-position":"center center","background-size":"auto","background-attachment":"scroll","background-type":"","background-media":"","overlay-type":"","overlay-color":"","overlay-opacity":"","overlay-gradient":""},"mobile":{"background-color":"var(--ast-global-color-5)","background-image":"","background-repeat":"repeat","background-position":"center center","background-size":"auto","background-attachment":"scroll","background-type":"","background-media":"","overlay-type":"","overlay-color":"","overlay-opacity":"","overlay-gradient":""}},"footnotes":""},"categories":[9],"tags":[],"yoast_head":"<!-- This site is optimized with the Yoast SEO plugin v23.3 - https:\/\/yoast.com\/wordpress\/plugins\/seo\/ -->\n<title>Pflegefachkraft (m\/w\/d) \u2013 Top-Arbeitsklima, Weiterbildung &amp; Bike-Leasing - The Fund Mentor<\/title>\n<meta name=\"robots\" content=\"index, follow, max-snippet:-1, max-image-preview:large, max-video-preview:-1\" \/>\n<link rel=\"canonical\" href=\"https:\/\/thefundmentor.com\/pt\/98edaf38-1a00-4885-aa76-3c825dd9ef89\/\" \/>\n<meta property=\"og:locale\" content=\"pt_PT\" \/>\n<meta property=\"og:type\" content=\"article\" \/>\n<meta property=\"og:title\" content=\"Pflegefachkraft (m\/w\/d) \u2013 Top-Arbeitsklima, Weiterbildung &amp; Bike-Leasing - The Fund Mentor\" \/>\n<meta property=\"og:description\" content=\"Bewerben Sie sich jetzt als Pflegefachkraft (m\/w\/d) mit unbefristetem Vertrag, Weiterbildung, Bike-Leasing und freundlichem Team. Sichern Sie sich einen zukunftssicheren Arbeitsplatz.\" \/>\n<meta property=\"og:url\" content=\"https:\/\/thefundmentor.com\/pt\/98edaf38-1a00-4885-aa76-3c825dd9ef89\/\" \/>\n<meta property=\"og:site_name\" content=\"The Fund Mentor\" \/>\n<meta property=\"article:published_time\" content=\"2026-03-03T11:20:00+00:00\" \/>\n<meta property=\"article:modified_time\" content=\"2026-03-03T11:20:07+00:00\" \/>\n<meta name=\"author\" content=\"Bruno Gianni\" \/>\n<meta name=\"twitter:card\" content=\"summary_large_image\" \/>\n<meta name=\"twitter:label1\" content=\"Written by\" \/>\n\t<meta name=\"twitter:data1\" content=\"Bruno Gianni\" \/>\n\t<meta name=\"twitter:label2\" content=\"Est. reading time\" \/>\n\t<meta name=\"twitter:data2\" content=\"2 minutos\" \/>\n<script type=\"application\/ld+json\" class=\"yoast-schema-graph\">{\"@context\":\"https:\/\/schema.org\",\"@graph\":[{\"@type\":\"Article\",\"@id\":\"https:\/\/thefundmentor.com\/98edaf38-1a00-4885-aa76-3c825dd9ef89\/#article\",\"isPartOf\":{\"@id\":\"https:\/\/thefundmentor.com\/98edaf38-1a00-4885-aa76-3c825dd9ef89\/\"},\"author\":{\"name\":\"Bruno Gianni\",\"@id\":\"https:\/\/thefundmentor.com\/#\/schema\/person\/d52888235fd6563bd07d97185d6a61e4\"},\"headline\":\"Pflegefachkraft (m\/w\/d) \u2013 Top-Arbeitsklima, Weiterbildung &#038; Bike-Leasing\",\"datePublished\":\"2026-03-03T11:20:00+00:00\",\"dateModified\":\"2026-03-03T11:20:07+00:00\",\"mainEntityOfPage\":{\"@id\":\"https:\/\/thefundmentor.com\/98edaf38-1a00-4885-aa76-3c825dd9ef89\/\"},\"wordCount\":393,\"commentCount\":0,\"publisher\":{\"@id\":\"https:\/\/thefundmentor.com\/#organization\"},\"articleSection\":[\"Hidden\"],\"inLanguage\":\"pt-PT\",\"potentialAction\":[{\"@type\":\"CommentAction\",\"name\":\"Comment\",\"target\":[\"https:\/\/thefundmentor.com\/98edaf38-1a00-4885-aa76-3c825dd9ef89\/#respond\"]}]},{\"@type\":\"WebPage\",\"@id\":\"https:\/\/thefundmentor.com\/98edaf38-1a00-4885-aa76-3c825dd9ef89\/\",\"url\":\"https:\/\/thefundmentor.com\/98edaf38-1a00-4885-aa76-3c825dd9ef89\/\",\"name\":\"Pflegefachkraft (m\/w\/d) \u2013 Top-Arbeitsklima, Weiterbildung & Bike-Leasing - The Fund Mentor\",\"isPartOf\":{\"@id\":\"https:\/\/thefundmentor.com\/#website\"},\"datePublished\":\"2026-03-03T11:20:00+00:00\",\"dateModified\":\"2026-03-03T11:20:07+00:00\",\"breadcrumb\":{\"@id\":\"https:\/\/thefundmentor.com\/98edaf38-1a00-4885-aa76-3c825dd9ef89\/#breadcrumb\"},\"inLanguage\":\"pt-PT\",\"potentialAction\":[{\"@type\":\"ReadAction\",\"target\":[\"https:\/\/thefundmentor.com\/98edaf38-1a00-4885-aa76-3c825dd9ef89\/\"]}]},{\"@type\":\"BreadcrumbList\",\"@id\":\"https:\/\/thefundmentor.com\/98edaf38-1a00-4885-aa76-3c825dd9ef89\/#breadcrumb\",\"itemListElement\":[{\"@type\":\"ListItem\",\"position\":1,\"name\":\"Home\",\"item\":\"https:\/\/thefundmentor.com\/\"},{\"@type\":\"ListItem\",\"position\":2,\"name\":\"Pflegefachkraft (m\/w\/d) \u2013 Top-Arbeitsklima, Weiterbildung &#038; Bike-Leasing\"}]},{\"@type\":\"WebSite\",\"@id\":\"https:\/\/thefundmentor.com\/#website\",\"url\":\"https:\/\/thefundmentor.com\/\",\"name\":\"The Fund Mentor\",\"description\":\"\",\"publisher\":{\"@id\":\"https:\/\/thefundmentor.com\/#organization\"},\"potentialAction\":[{\"@type\":\"SearchAction\",\"target\":{\"@type\":\"EntryPoint\",\"urlTemplate\":\"https:\/\/thefundmentor.com\/?s={search_term_string}\"},\"query-input\":\"required name=search_term_string\"}],\"inLanguage\":\"pt-PT\"},{\"@type\":\"Organization\",\"@id\":\"https:\/\/thefundmentor.com\/#organization\",\"name\":\"The Fund Mentor\",\"url\":\"https:\/\/thefundmentor.com\/\",\"logo\":{\"@type\":\"ImageObject\",\"inLanguage\":\"pt-PT\",\"@id\":\"https:\/\/thefundmentor.com\/#\/schema\/logo\/image\/\",\"url\":\"https:\/\/thefundmentor.com\/wp-content\/uploads\/sites\/506\/2025\/11\/Logo-The-Fund-Mentor.png\",\"contentUrl\":\"https:\/\/thefundmentor.com\/wp-content\/uploads\/sites\/506\/2025\/11\/Logo-The-Fund-Mentor.png\",\"width\":600,\"height\":600,\"caption\":\"The Fund Mentor\"},\"image\":{\"@id\":\"https:\/\/thefundmentor.com\/#\/schema\/logo\/image\/\"}},{\"@type\":\"Person\",\"@id\":\"https:\/\/thefundmentor.com\/#\/schema\/person\/d52888235fd6563bd07d97185d6a61e4\",\"name\":\"Bruno Gianni\",\"image\":{\"@type\":\"ImageObject\",\"inLanguage\":\"pt-PT\",\"@id\":\"https:\/\/thefundmentor.com\/#\/schema\/person\/image\/\",\"url\":\"https:\/\/secure.gravatar.com\/avatar\/0f5d42d7bf77874643c1478932860e3f?s=96&d=mm&r=g\",\"contentUrl\":\"https:\/\/secure.gravatar.com\/avatar\/0f5d42d7bf77874643c1478932860e3f?s=96&d=mm&r=g\",\"caption\":\"Bruno Gianni\"},\"description\":\"Bruno writes the way he lives, with curiosity, care, and respect for people. He likes to observe, listen, and try to understand what is happening on the other side before putting any words on the page.For him, writing is not about impressing, but about getting closer. It is about turning thoughts into something simple, clear, and real. Every text is an ongoing conversation, created with care and honesty, with the sincere intention of touching someone, somewhere along the way.\",\"url\":\"https:\/\/thefundmentor.com\/pt\/author\/bcgianni\/\"}]}<\/script>\n<!-- \/ Yoast SEO plugin. -->","yoast_head_json":{"title":"Pflegefachkraft (m\/w\/d) \u2013 Top-Arbeitsklima, Weiterbildung & Bike-Leasing - The Fund Mentor","robots":{"index":"index","follow":"follow","max-snippet":"max-snippet:-1","max-image-preview":"max-image-preview:large","max-video-preview":"max-video-preview:-1"},"canonical":"https:\/\/thefundmentor.com\/pt\/98edaf38-1a00-4885-aa76-3c825dd9ef89\/","og_locale":"pt_PT","og_type":"article","og_title":"Pflegefachkraft (m\/w\/d) \u2013 Top-Arbeitsklima, Weiterbildung & Bike-Leasing - The Fund Mentor","og_description":"Bewerben Sie sich jetzt als Pflegefachkraft (m\/w\/d) mit unbefristetem Vertrag, Weiterbildung, Bike-Leasing und freundlichem Team. Sichern Sie sich einen zukunftssicheren Arbeitsplatz.","og_url":"https:\/\/thefundmentor.com\/pt\/98edaf38-1a00-4885-aa76-3c825dd9ef89\/","og_site_name":"The Fund Mentor","article_published_time":"2026-03-03T11:20:00+00:00","article_modified_time":"2026-03-03T11:20:07+00:00","author":"Bruno Gianni","twitter_card":"summary_large_image","twitter_misc":{"Written by":"Bruno Gianni","Est. reading time":"2 minutos"},"schema":{"@context":"https:\/\/schema.org","@graph":[{"@type":"Article","@id":"https:\/\/thefundmentor.com\/98edaf38-1a00-4885-aa76-3c825dd9ef89\/#article","isPartOf":{"@id":"https:\/\/thefundmentor.com\/98edaf38-1a00-4885-aa76-3c825dd9ef89\/"},"author":{"name":"Bruno Gianni","@id":"https:\/\/thefundmentor.com\/#\/schema\/person\/d52888235fd6563bd07d97185d6a61e4"},"headline":"Pflegefachkraft (m\/w\/d) \u2013 Top-Arbeitsklima, Weiterbildung &#038; Bike-Leasing","datePublished":"2026-03-03T11:20:00+00:00","dateModified":"2026-03-03T11:20:07+00:00","mainEntityOfPage":{"@id":"https:\/\/thefundmentor.com\/98edaf38-1a00-4885-aa76-3c825dd9ef89\/"},"wordCount":393,"commentCount":0,"publisher":{"@id":"https:\/\/thefundmentor.com\/#organization"},"articleSection":["Hidden"],"inLanguage":"pt-PT","potentialAction":[{"@type":"CommentAction","name":"Comment","target":["https:\/\/thefundmentor.com\/98edaf38-1a00-4885-aa76-3c825dd9ef89\/#respond"]}]},{"@type":"WebPage","@id":"https:\/\/thefundmentor.com\/98edaf38-1a00-4885-aa76-3c825dd9ef89\/","url":"https:\/\/thefundmentor.com\/98edaf38-1a00-4885-aa76-3c825dd9ef89\/","name":"Pflegefachkraft (m\/w\/d) \u2013 Top-Arbeitsklima, Weiterbildung & Bike-Leasing - The Fund Mentor","isPartOf":{"@id":"https:\/\/thefundmentor.com\/#website"},"datePublished":"2026-03-03T11:20:00+00:00","dateModified":"2026-03-03T11:20:07+00:00","breadcrumb":{"@id":"https:\/\/thefundmentor.com\/98edaf38-1a00-4885-aa76-3c825dd9ef89\/#breadcrumb"},"inLanguage":"pt-PT","potentialAction":[{"@type":"ReadAction","target":["https:\/\/thefundmentor.com\/98edaf38-1a00-4885-aa76-3c825dd9ef89\/"]}]},{"@type":"BreadcrumbList","@id":"https:\/\/thefundmentor.com\/98edaf38-1a00-4885-aa76-3c825dd9ef89\/#breadcrumb","itemListElement":[{"@type":"ListItem","position":1,"name":"Home","item":"https:\/\/thefundmentor.com\/"},{"@type":"ListItem","position":2,"name":"Pflegefachkraft (m\/w\/d) \u2013 Top-Arbeitsklima, Weiterbildung &#038; Bike-Leasing"}]},{"@type":"WebSite","@id":"https:\/\/thefundmentor.com\/#website","url":"https:\/\/thefundmentor.com\/","name":"The Fund Mentor","description":"","publisher":{"@id":"https:\/\/thefundmentor.com\/#organization"},"potentialAction":[{"@type":"SearchAction","target":{"@type":"EntryPoint","urlTemplate":"https:\/\/thefundmentor.com\/?s={search_term_string}"},"query-input":"required name=search_term_string"}],"inLanguage":"pt-PT"},{"@type":"Organization","@id":"https:\/\/thefundmentor.com\/#organization","name":"The Fund Mentor","url":"https:\/\/thefundmentor.com\/","logo":{"@type":"ImageObject","inLanguage":"pt-PT","@id":"https:\/\/thefundmentor.com\/#\/schema\/logo\/image\/","url":"https:\/\/thefundmentor.com\/wp-content\/uploads\/sites\/506\/2025\/11\/Logo-The-Fund-Mentor.png","contentUrl":"https:\/\/thefundmentor.com\/wp-content\/uploads\/sites\/506\/2025\/11\/Logo-The-Fund-Mentor.png","width":600,"height":600,"caption":"The Fund Mentor"},"image":{"@id":"https:\/\/thefundmentor.com\/#\/schema\/logo\/image\/"}},{"@type":"Person","@id":"https:\/\/thefundmentor.com\/#\/schema\/person\/d52888235fd6563bd07d97185d6a61e4","name":"Bruno Gianni","image":{"@type":"ImageObject","inLanguage":"pt-PT","@id":"https:\/\/thefundmentor.com\/#\/schema\/person\/image\/","url":"https:\/\/secure.gravatar.com\/avatar\/0f5d42d7bf77874643c1478932860e3f?s=96&d=mm&r=g","contentUrl":"https:\/\/secure.gravatar.com\/avatar\/0f5d42d7bf77874643c1478932860e3f?s=96&d=mm&r=g","caption":"Bruno Gianni"},"description":"Bruno writes the way he lives, with curiosity, care, and respect for people. He likes to observe, listen, and try to understand what is happening on the other side before putting any words on the page.For him, writing is not about impressing, but about getting closer. It is about turning thoughts into something simple, clear, and real. Every text is an ongoing conversation, created with care and honesty, with the sincere intention of touching someone, somewhere along the way.","url":"https:\/\/thefundmentor.com\/pt\/author\/bcgianni\/"}]}},"uagb_featured_image_src":{"full":false,"thumbnail":false,"medium":false,"medium_large":false,"large":false,"1536x1536":false,"2048x2048":false,"trp-custom-language-flag":false},"uagb_author_info":{"display_name":"Bruno Gianni","author_link":"https:\/\/thefundmentor.com\/pt\/author\/bcgianni\/"},"uagb_comment_info":0,"uagb_excerpt":"Bewerben Sie sich jetzt als Pflegefachkraft (m\/w\/d) mit unbefristetem Vertrag, Weiterbildung, Bike-Leasing und freundlichem Team. Sichern Sie sich einen zukunftssicheren Arbeitsplatz.","_links":{"self":[{"href":"https:\/\/thefundmentor.com\/pt\/wp-json\/wp\/v2\/posts\/33442"}],"collection":[{"href":"https:\/\/thefundmentor.com\/pt\/wp-json\/wp\/v2\/posts"}],"about":[{"href":"https:\/\/thefundmentor.com\/pt\/wp-json\/wp\/v2\/types\/post"}],"author":[{"embeddable":true,"href":"https:\/\/thefundmentor.com\/pt\/wp-json\/wp\/v2\/users\/3"}],"replies":[{"embeddable":true,"href":"https:\/\/thefundmentor.com\/pt\/wp-json\/wp\/v2\/comments?post=33442"}],"version-history":[{"count":1,"href":"https:\/\/thefundmentor.com\/pt\/wp-json\/wp\/v2\/posts\/33442\/revisions"}],"predecessor-version":[{"id":33452,"href":"https:\/\/thefundmentor.com\/pt\/wp-json\/wp\/v2\/posts\/33442\/revisions\/33452"}],"wp:attachment":[{"href":"https:\/\/thefundmentor.com\/pt\/wp-json\/wp\/v2\/media?parent=33442"}],"wp:term":[{"taxonomy":"category","embeddable":true,"href":"https:\/\/thefundmentor.com\/pt\/wp-json\/wp\/v2\/categories?post=33442"},{"taxonomy":"post_tag","embeddable":true,"href":"https:\/\/thefundmentor.com\/pt\/wp-json\/wp\/v2\/tags?post=33442"}],"curies":[{"name":"wp","href":"https:\/\/api.w.org\/{rel}","templated":true}]}}