{"id":32707,"date":"2026-03-01T21:55:00","date_gmt":"2026-03-01T21:55:00","guid":{"rendered":"https:\/\/thefundmentor.com\/c5cff459-5df2-435a-9419-61f19989a60b\/"},"modified":"2026-03-01T21:55:02","modified_gmt":"2026-03-01T21:55:02","slug":"c5cff459-5df2-435a-9419-61f19989a60b","status":"publish","type":"post","link":"https:\/\/thefundmentor.com\/pt\/c5cff459-5df2-435a-9419-61f19989a60b\/","title":{"rendered":"Fondo de Emergencias Save the Children: Apoya a la Infancia en Crisis Global"},"content":{"rendered":"<\/p>\n<\/p>\n<div style=\"background: #ffffff; border-radius: 12px; box-shadow: 0 10px 30px rgba(0, 0, 0, 0.1); width: 100%; max-width: 340px; padding: 25px; transition: transform 0.3s ease-in-out; overflow: visible; display: flex; flex-direction: column; position: relative; border: 1px solid #28a745; margin-top: 70px; margin-bottom: 50px; margin-left: auto; margin-right: auto;\">\n<div style=\"position: absolute; top: -35px; right: 15px; color: #28a745; padding: 5px 10px; border-radius: 6px; font-size: 14px; font-weight: bold; display: flex; align-items: center; z-index: 10;\">recomendado para ti<\/div>\n<div data-namespace-header=\"\" style=\"\">\n<h3 data-namespace-title=\"\" style=\"color: #333; font-size: 20px; font-weight: bold; text-align: left; margin-right: 50px; min-height: 50px; margin-top: 0px;\">Save the Children Fondo de Emergencias<\/h3>\n<\/p><\/div>\n<p data-namespace-prompt=\"\" style=\"font-size: 16px; color: #666; margin-bottom: 20px; line-height: 1.5; flex-grow: 1; text-align: left; margin-top: 0px;\">Realiza donaciones mensuales o \u00fanicas desde s\u00f3lo 9\u20ac, ayuda a cientos de ni\u00f1os y disfruta de beneficios fiscales. Respuesta inmediata en crisis humanitarias.<\/p>\n<p>    <a data-namespace-url=\"\" href=\"https:\/\/thefundmentor.com\/pt\/redirect\/?https:\/\/www.savethechildren.es\/emergencias\/fondo-de-emergencias\" style=\"width: 100%; display: inline-block; color: white; text-decoration: none; border-radius: 6px; font-size: 16px; font-weight: bold; text-align: center; transition: transform 0.3s ease, background 0.3s ease; margin-top: auto;\" data-namespace-id=\"5c0d2565-3ba9-4280-a382-ad2a691e2285\"><br \/>\n        <button style=\"width: 100%; height: 55px; background: #e9e9ed; border: 1px solid black; color: black;\">Solicitar agora<\/button><br \/>\n    <\/a><br \/>\n    <small style=\"margin-top: 10px; color: #777; font-size: 12px; text-align: center; display: block;\">Ser\u00e1s redirigido a otra web<\/small>\n<\/div>\n<p>Save the Children ofrece el Fondo de Emergencias para ayudar de manera r\u00e1pida a la infancia afectada por crisis en todo el mundo. Con donaciones flexibles, puedes apoyar a ni\u00f1os en situaciones extremas como conflictos, desastres naturales o crisis alimentarias. Las donaciones, desde s\u00f3lo 9 \u20ac al mes, se destinan a medicamentos, atenci\u00f3n primaria y apoyo psicol\u00f3gico inmediato.<\/p>\n<p>No es un producto financiero tradicional: aqu\u00ed, tu &#8220;cr\u00e9dito&#8221; se convierte directamente en ayuda vital para los m\u00e1s vulnerables. Adem\u00e1s, los beneficios fiscales facilitan ayudar sin un gran esfuerzo econ\u00f3mico. Destaca la rapidez, la flexibilidad y la cobertura integral de necesidades esenciales.<\/p>\n<h2>C\u00f3mo aplicar para ayudar<\/h2>\n<ol>\n<li>Elige el monto y periodicidad de tu donaci\u00f3n: mensual o \u00fanica.<\/li>\n<li>Completa tu informaci\u00f3n b\u00e1sica y acepta la pol\u00edtica de privacidad.<\/li>\n<li>Recibe informaci\u00f3n peri\u00f3dica del uso de tu ayuda y sus beneficios.<\/li>\n<\/ol>\n<h2>Ventajas de donar al Fondo de Emergencias<\/h2>\n<ul>\n<li>Respuestas inmediatas ante desastres humanitarios.<\/li>\n<li>Flexibilidad para cubrir necesidades urgentes seg\u00fan la situaci\u00f3n local.<\/li>\n<\/ul>\n<p>Adem\u00e1s, recibir\u00e1s ventajas fiscales en tus impuestos, permitiendo deducir hasta un 80% de tu aportaci\u00f3n.<\/p>\n<p>Tu ayuda apoya programas de reunificaci\u00f3n familiar, educaci\u00f3n, salud, alimentos y agua en las zonas m\u00e1s cr\u00edticas del mundo.<\/p>\n<h2>Desventajas de la donaci\u00f3n<\/h2>\n<ul>\n<li>No es una herramienta de inversi\u00f3n financiera ni genera r\u00e9dito econ\u00f3mico personal.<\/li>\n<li>El impacto emociona, pero no es tangible si buscas retorno monetario directo.<\/li>\n<\/ul>\n<p>Aunque la satisfacci\u00f3n humana es enorme, el objetivo es cambiar vidas, no mejorar tus finanzas.<\/p>\n<h2>Veredicto final<\/h2>\n<p>El Fondo de Emergencias de Save the Children ofrece un m\u00e9todo eficaz, r\u00e1pido y confiable para ayudar a la infancia en situaci\u00f3n de crisis. Si buscas un impacto real y una forma directa de contribuir, este fondo es altamente recomendable por su transparencia, solvencia y urgencia en la acci\u00f3n. Cada euro cuenta para salvar vidas y devolver derechos fundamentales a quienes m\u00e1s lo necesitan.<\/p>\n<div style=\"background: #ffffff; border-radius: 12px; box-shadow: 0 10px 30px rgba(0, 0, 0, 0.1); width: 100%; max-width: 340px; padding: 25px; transition: transform 0.3s ease-in-out; overflow: visible; display: flex; flex-direction: column; position: relative; border: 1px solid #28a745; margin-top: 70px; margin-bottom: 50px; margin-left: auto; margin-right: auto;\">\n<div style=\"position: absolute; top: -35px; right: 15px; color: #28a745; padding: 5px 10px; border-radius: 6px; font-size: 14px; font-weight: bold; display: flex; align-items: center; z-index: 10;\">recomendado para ti<\/div>\n<div data-namespace-header=\"\" style=\"\">\n<h3 data-namespace-title=\"\" style=\"color: #333; font-size: 20px; font-weight: bold; text-align: left; margin-right: 50px; min-height: 50px; margin-top: 0px;\">Save the Children Fondo de Emergencias<\/h3>\n<\/p><\/div>\n<p data-namespace-prompt=\"\" style=\"font-size: 16px; color: #666; margin-bottom: 20px; line-height: 1.5; flex-grow: 1; text-align: left; margin-top: 0px;\">Realiza donaciones mensuales o \u00fanicas desde s\u00f3lo 9\u20ac, ayuda a cientos de ni\u00f1os y disfruta de beneficios fiscales. Respuesta inmediata en crisis humanitarias.<\/p>\n<p>    <a data-namespace-url=\"\" href=\"https:\/\/thefundmentor.com\/pt\/redirect\/?https:\/\/www.savethechildren.es\/emergencias\/fondo-de-emergencias\" style=\"width: 100%; display: inline-block; color: white; text-decoration: none; border-radius: 6px; font-size: 16px; font-weight: bold; text-align: center; transition: transform 0.3s ease, background 0.3s ease; margin-top: auto;\" data-namespace-id=\"5c0d2565-3ba9-4280-a382-ad2a691e2285\"><br \/>\n        <button style=\"width: 100%; height: 55px; background: #e9e9ed; border: 1px solid black; color: black;\">Solicitar agora<\/button><br \/>\n    <\/a><br \/>\n    <small style=\"margin-top: 10px; color: #777; font-size: 12px; text-align: center; display: block;\">Ser\u00e1s redirigido a otra web<\/small>\n<\/div>","protected":false},"excerpt":{"rendered":"<p>Ayuda a ni\u00f1os v\u00edctimas de crisis donando al Fondo de Emergencias de Save the Children. Desde s\u00f3lo 9\u20ac mensuales, tu apoyo llega donde m\u00e1s se necesita. Dona y marca una diferencia real.<\/p>","protected":false},"author":3,"featured_media":0,"comment_status":"open","ping_status":"open","sticky":false,"template":"","format":"standard","meta":{"_uag_custom_page_level_css":"","site-sidebar-layout":"default","site-content-layout":"","ast-site-content-layout":"","site-content-style":"default","site-sidebar-style":"default","ast-global-header-display":"","ast-banner-title-visibility":"","ast-main-header-display":"","ast-hfb-above-header-display":"","ast-hfb-below-header-display":"","ast-hfb-mobile-header-display":"","site-post-title":"","ast-breadcrumbs-content":"","ast-featured-img":"","footer-sml-layout":"","theme-transparent-header-meta":"","adv-header-id-meta":"","stick-header-meta":"","header-above-stick-meta":"","header-main-stick-meta":"","header-below-stick-meta":"","astra-migrate-meta-layouts":"default","ast-page-background-enabled":"default","ast-page-background-meta":{"desktop":{"background-color":"var(--ast-global-color-4)","background-image":"","background-repeat":"repeat","background-position":"center center","background-size":"auto","background-attachment":"scroll","background-type":"","background-media":"","overlay-type":"","overlay-color":"","overlay-opacity":"","overlay-gradient":""},"tablet":{"background-color":"","background-image":"","background-repeat":"repeat","background-position":"center center","background-size":"auto","background-attachment":"scroll","background-type":"","background-media":"","overlay-type":"","overlay-color":"","overlay-opacity":"","overlay-gradient":""},"mobile":{"background-color":"","background-image":"","background-repeat":"repeat","background-position":"center center","background-size":"auto","background-attachment":"scroll","background-type":"","background-media":"","overlay-type":"","overlay-color":"","overlay-opacity":"","overlay-gradient":""}},"ast-content-background-meta":{"desktop":{"background-color":"var(--ast-global-color-5)","background-image":"","background-repeat":"repeat","background-position":"center center","background-size":"auto","background-attachment":"scroll","background-type":"","background-media":"","overlay-type":"","overlay-color":"","overlay-opacity":"","overlay-gradient":""},"tablet":{"background-color":"var(--ast-global-color-5)","background-image":"","background-repeat":"repeat","background-position":"center center","background-size":"auto","background-attachment":"scroll","background-type":"","background-media":"","overlay-type":"","overlay-color":"","overlay-opacity":"","overlay-gradient":""},"mobile":{"background-color":"var(--ast-global-color-5)","background-image":"","background-repeat":"repeat","background-position":"center center","background-size":"auto","background-attachment":"scroll","background-type":"","background-media":"","overlay-type":"","overlay-color":"","overlay-opacity":"","overlay-gradient":""}},"footnotes":""},"categories":[9],"tags":[],"yoast_head":"<!-- This site is optimized with the Yoast SEO plugin v23.3 - https:\/\/yoast.com\/wordpress\/plugins\/seo\/ -->\n<title>Fondo de Emergencias Save the Children: Apoya a la Infancia en Crisis Global - The Fund Mentor<\/title>\n<meta name=\"robots\" content=\"index, follow, max-snippet:-1, max-image-preview:large, max-video-preview:-1\" \/>\n<link rel=\"canonical\" href=\"https:\/\/thefundmentor.com\/pt\/c5cff459-5df2-435a-9419-61f19989a60b\/\" \/>\n<meta property=\"og:locale\" content=\"pt_PT\" \/>\n<meta property=\"og:type\" content=\"article\" \/>\n<meta property=\"og:title\" content=\"Fondo de Emergencias Save the Children: Apoya a la Infancia en Crisis Global - The Fund Mentor\" \/>\n<meta property=\"og:description\" content=\"Ayuda a ni\u00f1os v\u00edctimas de crisis donando al Fondo de Emergencias de Save the Children. Desde s\u00f3lo 9\u20ac mensuales, tu apoyo llega donde m\u00e1s se necesita. Dona y marca una diferencia real.\" \/>\n<meta property=\"og:url\" content=\"https:\/\/thefundmentor.com\/pt\/c5cff459-5df2-435a-9419-61f19989a60b\/\" \/>\n<meta property=\"og:site_name\" content=\"The Fund Mentor\" \/>\n<meta property=\"article:published_time\" content=\"2026-03-01T21:55:00+00:00\" \/>\n<meta property=\"article:modified_time\" content=\"2026-03-01T21:55:02+00:00\" \/>\n<meta name=\"author\" content=\"Bruno Gianni\" \/>\n<meta name=\"twitter:card\" content=\"summary_large_image\" \/>\n<meta name=\"twitter:label1\" content=\"Written by\" \/>\n\t<meta name=\"twitter:data1\" content=\"Bruno Gianni\" \/>\n\t<meta name=\"twitter:label2\" content=\"Est. reading time\" \/>\n\t<meta name=\"twitter:data2\" content=\"2 minutos\" \/>\n<script type=\"application\/ld+json\" class=\"yoast-schema-graph\">{\"@context\":\"https:\/\/schema.org\",\"@graph\":[{\"@type\":\"Article\",\"@id\":\"https:\/\/thefundmentor.com\/c5cff459-5df2-435a-9419-61f19989a60b\/#article\",\"isPartOf\":{\"@id\":\"https:\/\/thefundmentor.com\/c5cff459-5df2-435a-9419-61f19989a60b\/\"},\"author\":{\"name\":\"Bruno Gianni\",\"@id\":\"https:\/\/thefundmentor.com\/#\/schema\/person\/d52888235fd6563bd07d97185d6a61e4\"},\"headline\":\"Fondo de Emergencias Save the Children: Apoya a la Infancia en Crisis Global\",\"datePublished\":\"2026-03-01T21:55:00+00:00\",\"dateModified\":\"2026-03-01T21:55:02+00:00\",\"mainEntityOfPage\":{\"@id\":\"https:\/\/thefundmentor.com\/c5cff459-5df2-435a-9419-61f19989a60b\/\"},\"wordCount\":427,\"commentCount\":0,\"publisher\":{\"@id\":\"https:\/\/thefundmentor.com\/#organization\"},\"articleSection\":[\"Hidden\"],\"inLanguage\":\"pt-PT\",\"potentialAction\":[{\"@type\":\"CommentAction\",\"name\":\"Comment\",\"target\":[\"https:\/\/thefundmentor.com\/c5cff459-5df2-435a-9419-61f19989a60b\/#respond\"]}]},{\"@type\":\"WebPage\",\"@id\":\"https:\/\/thefundmentor.com\/c5cff459-5df2-435a-9419-61f19989a60b\/\",\"url\":\"https:\/\/thefundmentor.com\/c5cff459-5df2-435a-9419-61f19989a60b\/\",\"name\":\"Fondo de Emergencias Save the Children: Apoya a la Infancia en Crisis Global - The Fund Mentor\",\"isPartOf\":{\"@id\":\"https:\/\/thefundmentor.com\/#website\"},\"datePublished\":\"2026-03-01T21:55:00+00:00\",\"dateModified\":\"2026-03-01T21:55:02+00:00\",\"breadcrumb\":{\"@id\":\"https:\/\/thefundmentor.com\/c5cff459-5df2-435a-9419-61f19989a60b\/#breadcrumb\"},\"inLanguage\":\"pt-PT\",\"potentialAction\":[{\"@type\":\"ReadAction\",\"target\":[\"https:\/\/thefundmentor.com\/c5cff459-5df2-435a-9419-61f19989a60b\/\"]}]},{\"@type\":\"BreadcrumbList\",\"@id\":\"https:\/\/thefundmentor.com\/c5cff459-5df2-435a-9419-61f19989a60b\/#breadcrumb\",\"itemListElement\":[{\"@type\":\"ListItem\",\"position\":1,\"name\":\"Home\",\"item\":\"https:\/\/thefundmentor.com\/\"},{\"@type\":\"ListItem\",\"position\":2,\"name\":\"Fondo de Emergencias Save the Children: Apoya a la Infancia en Crisis Global\"}]},{\"@type\":\"WebSite\",\"@id\":\"https:\/\/thefundmentor.com\/#website\",\"url\":\"https:\/\/thefundmentor.com\/\",\"name\":\"The Fund Mentor\",\"description\":\"\",\"publisher\":{\"@id\":\"https:\/\/thefundmentor.com\/#organization\"},\"potentialAction\":[{\"@type\":\"SearchAction\",\"target\":{\"@type\":\"EntryPoint\",\"urlTemplate\":\"https:\/\/thefundmentor.com\/?s={search_term_string}\"},\"query-input\":\"required name=search_term_string\"}],\"inLanguage\":\"pt-PT\"},{\"@type\":\"Organization\",\"@id\":\"https:\/\/thefundmentor.com\/#organization\",\"name\":\"The Fund Mentor\",\"url\":\"https:\/\/thefundmentor.com\/\",\"logo\":{\"@type\":\"ImageObject\",\"inLanguage\":\"pt-PT\",\"@id\":\"https:\/\/thefundmentor.com\/#\/schema\/logo\/image\/\",\"url\":\"https:\/\/thefundmentor.com\/wp-content\/uploads\/sites\/506\/2025\/11\/Logo-The-Fund-Mentor.png\",\"contentUrl\":\"https:\/\/thefundmentor.com\/wp-content\/uploads\/sites\/506\/2025\/11\/Logo-The-Fund-Mentor.png\",\"width\":600,\"height\":600,\"caption\":\"The Fund Mentor\"},\"image\":{\"@id\":\"https:\/\/thefundmentor.com\/#\/schema\/logo\/image\/\"}},{\"@type\":\"Person\",\"@id\":\"https:\/\/thefundmentor.com\/#\/schema\/person\/d52888235fd6563bd07d97185d6a61e4\",\"name\":\"Bruno Gianni\",\"image\":{\"@type\":\"ImageObject\",\"inLanguage\":\"pt-PT\",\"@id\":\"https:\/\/thefundmentor.com\/#\/schema\/person\/image\/\",\"url\":\"https:\/\/secure.gravatar.com\/avatar\/0f5d42d7bf77874643c1478932860e3f?s=96&d=mm&r=g\",\"contentUrl\":\"https:\/\/secure.gravatar.com\/avatar\/0f5d42d7bf77874643c1478932860e3f?s=96&d=mm&r=g\",\"caption\":\"Bruno Gianni\"},\"description\":\"Bruno writes the way he lives, with curiosity, care, and respect for people. He likes to observe, listen, and try to understand what is happening on the other side before putting any words on the page.For him, writing is not about impressing, but about getting closer. It is about turning thoughts into something simple, clear, and real. Every text is an ongoing conversation, created with care and honesty, with the sincere intention of touching someone, somewhere along the way.\",\"url\":\"https:\/\/thefundmentor.com\/pt\/author\/bcgianni\/\"}]}<\/script>\n<!-- \/ Yoast SEO plugin. -->","yoast_head_json":{"title":"Fondo de Emergencias Save the Children: Apoya a la Infancia en Crisis Global - The Fund Mentor","robots":{"index":"index","follow":"follow","max-snippet":"max-snippet:-1","max-image-preview":"max-image-preview:large","max-video-preview":"max-video-preview:-1"},"canonical":"https:\/\/thefundmentor.com\/pt\/c5cff459-5df2-435a-9419-61f19989a60b\/","og_locale":"pt_PT","og_type":"article","og_title":"Fondo de Emergencias Save the Children: Apoya a la Infancia en Crisis Global - The Fund Mentor","og_description":"Ayuda a ni\u00f1os v\u00edctimas de crisis donando al Fondo de Emergencias de Save the Children. Desde s\u00f3lo 9\u20ac mensuales, tu apoyo llega donde m\u00e1s se necesita. Dona y marca una diferencia real.","og_url":"https:\/\/thefundmentor.com\/pt\/c5cff459-5df2-435a-9419-61f19989a60b\/","og_site_name":"The Fund Mentor","article_published_time":"2026-03-01T21:55:00+00:00","article_modified_time":"2026-03-01T21:55:02+00:00","author":"Bruno Gianni","twitter_card":"summary_large_image","twitter_misc":{"Written by":"Bruno Gianni","Est. reading time":"2 minutos"},"schema":{"@context":"https:\/\/schema.org","@graph":[{"@type":"Article","@id":"https:\/\/thefundmentor.com\/c5cff459-5df2-435a-9419-61f19989a60b\/#article","isPartOf":{"@id":"https:\/\/thefundmentor.com\/c5cff459-5df2-435a-9419-61f19989a60b\/"},"author":{"name":"Bruno Gianni","@id":"https:\/\/thefundmentor.com\/#\/schema\/person\/d52888235fd6563bd07d97185d6a61e4"},"headline":"Fondo de Emergencias Save the Children: Apoya a la Infancia en Crisis Global","datePublished":"2026-03-01T21:55:00+00:00","dateModified":"2026-03-01T21:55:02+00:00","mainEntityOfPage":{"@id":"https:\/\/thefundmentor.com\/c5cff459-5df2-435a-9419-61f19989a60b\/"},"wordCount":427,"commentCount":0,"publisher":{"@id":"https:\/\/thefundmentor.com\/#organization"},"articleSection":["Hidden"],"inLanguage":"pt-PT","potentialAction":[{"@type":"CommentAction","name":"Comment","target":["https:\/\/thefundmentor.com\/c5cff459-5df2-435a-9419-61f19989a60b\/#respond"]}]},{"@type":"WebPage","@id":"https:\/\/thefundmentor.com\/c5cff459-5df2-435a-9419-61f19989a60b\/","url":"https:\/\/thefundmentor.com\/c5cff459-5df2-435a-9419-61f19989a60b\/","name":"Fondo de Emergencias Save the Children: Apoya a la Infancia en Crisis Global - The Fund Mentor","isPartOf":{"@id":"https:\/\/thefundmentor.com\/#website"},"datePublished":"2026-03-01T21:55:00+00:00","dateModified":"2026-03-01T21:55:02+00:00","breadcrumb":{"@id":"https:\/\/thefundmentor.com\/c5cff459-5df2-435a-9419-61f19989a60b\/#breadcrumb"},"inLanguage":"pt-PT","potentialAction":[{"@type":"ReadAction","target":["https:\/\/thefundmentor.com\/c5cff459-5df2-435a-9419-61f19989a60b\/"]}]},{"@type":"BreadcrumbList","@id":"https:\/\/thefundmentor.com\/c5cff459-5df2-435a-9419-61f19989a60b\/#breadcrumb","itemListElement":[{"@type":"ListItem","position":1,"name":"Home","item":"https:\/\/thefundmentor.com\/"},{"@type":"ListItem","position":2,"name":"Fondo de Emergencias Save the Children: Apoya a la Infancia en Crisis Global"}]},{"@type":"WebSite","@id":"https:\/\/thefundmentor.com\/#website","url":"https:\/\/thefundmentor.com\/","name":"The Fund Mentor","description":"","publisher":{"@id":"https:\/\/thefundmentor.com\/#organization"},"potentialAction":[{"@type":"SearchAction","target":{"@type":"EntryPoint","urlTemplate":"https:\/\/thefundmentor.com\/?s={search_term_string}"},"query-input":"required name=search_term_string"}],"inLanguage":"pt-PT"},{"@type":"Organization","@id":"https:\/\/thefundmentor.com\/#organization","name":"The Fund Mentor","url":"https:\/\/thefundmentor.com\/","logo":{"@type":"ImageObject","inLanguage":"pt-PT","@id":"https:\/\/thefundmentor.com\/#\/schema\/logo\/image\/","url":"https:\/\/thefundmentor.com\/wp-content\/uploads\/sites\/506\/2025\/11\/Logo-The-Fund-Mentor.png","contentUrl":"https:\/\/thefundmentor.com\/wp-content\/uploads\/sites\/506\/2025\/11\/Logo-The-Fund-Mentor.png","width":600,"height":600,"caption":"The Fund Mentor"},"image":{"@id":"https:\/\/thefundmentor.com\/#\/schema\/logo\/image\/"}},{"@type":"Person","@id":"https:\/\/thefundmentor.com\/#\/schema\/person\/d52888235fd6563bd07d97185d6a61e4","name":"Bruno Gianni","image":{"@type":"ImageObject","inLanguage":"pt-PT","@id":"https:\/\/thefundmentor.com\/#\/schema\/person\/image\/","url":"https:\/\/secure.gravatar.com\/avatar\/0f5d42d7bf77874643c1478932860e3f?s=96&d=mm&r=g","contentUrl":"https:\/\/secure.gravatar.com\/avatar\/0f5d42d7bf77874643c1478932860e3f?s=96&d=mm&r=g","caption":"Bruno Gianni"},"description":"Bruno writes the way he lives, with curiosity, care, and respect for people. He likes to observe, listen, and try to understand what is happening on the other side before putting any words on the page.For him, writing is not about impressing, but about getting closer. It is about turning thoughts into something simple, clear, and real. Every text is an ongoing conversation, created with care and honesty, with the sincere intention of touching someone, somewhere along the way.","url":"https:\/\/thefundmentor.com\/pt\/author\/bcgianni\/"}]}},"uagb_featured_image_src":{"full":false,"thumbnail":false,"medium":false,"medium_large":false,"large":false,"1536x1536":false,"2048x2048":false,"trp-custom-language-flag":false},"uagb_author_info":{"display_name":"Bruno Gianni","author_link":"https:\/\/thefundmentor.com\/pt\/author\/bcgianni\/"},"uagb_comment_info":0,"uagb_excerpt":"Ayuda a ni\u00f1os v\u00edctimas de crisis donando al Fondo de Emergencias de Save the Children. Desde s\u00f3lo 9\u20ac mensuales, tu apoyo llega donde m\u00e1s se necesita. Dona y marca una diferencia real.","_links":{"self":[{"href":"https:\/\/thefundmentor.com\/pt\/wp-json\/wp\/v2\/posts\/32707"}],"collection":[{"href":"https:\/\/thefundmentor.com\/pt\/wp-json\/wp\/v2\/posts"}],"about":[{"href":"https:\/\/thefundmentor.com\/pt\/wp-json\/wp\/v2\/types\/post"}],"author":[{"embeddable":true,"href":"https:\/\/thefundmentor.com\/pt\/wp-json\/wp\/v2\/users\/3"}],"replies":[{"embeddable":true,"href":"https:\/\/thefundmentor.com\/pt\/wp-json\/wp\/v2\/comments?post=32707"}],"version-history":[{"count":1,"href":"https:\/\/thefundmentor.com\/pt\/wp-json\/wp\/v2\/posts\/32707\/revisions"}],"predecessor-version":[{"id":32710,"href":"https:\/\/thefundmentor.com\/pt\/wp-json\/wp\/v2\/posts\/32707\/revisions\/32710"}],"wp:attachment":[{"href":"https:\/\/thefundmentor.com\/pt\/wp-json\/wp\/v2\/media?parent=32707"}],"wp:term":[{"taxonomy":"category","embeddable":true,"href":"https:\/\/thefundmentor.com\/pt\/wp-json\/wp\/v2\/categories?post=32707"},{"taxonomy":"post_tag","embeddable":true,"href":"https:\/\/thefundmentor.com\/pt\/wp-json\/wp\/v2\/tags?post=32707"}],"curies":[{"name":"wp","href":"https:\/\/api.w.org\/{rel}","templated":true}]}}