{"id":30608,"date":"2026-02-25T04:35:00","date_gmt":"2026-02-25T04:35:00","guid":{"rendered":"https:\/\/thefundmentor.com\/a62b0009-1c5b-4fdc-b90e-8ac753bbf54a\/"},"modified":"2026-02-25T04:35:30","modified_gmt":"2026-02-25T04:35:30","slug":"a62b0009-1c5b-4fdc-b90e-8ac753bbf54a","status":"publish","type":"post","link":"https:\/\/thefundmentor.com\/pt\/a62b0009-1c5b-4fdc-b90e-8ac753bbf54a\/","title":{"rendered":"Fondos fiscales para emergencias en Chile: advertencias del CFA sobre el reajuste p\u00fablico"},"content":{"rendered":"<\/p>\n<\/p>\n<div style=\"background: #ffffff; border-radius: 12px; box-shadow: 0 10px 30px rgba(0, 0, 0, 0.1); width: 100%; max-width: 340px; padding: 25px; transition: transform 0.3s ease-in-out; overflow: visible; display: flex; flex-direction: column; position: relative; border: 1px solid #28a745; margin-top: 70px; margin-bottom: 50px; margin-left: auto; margin-right: auto;\">\n<div style=\"position: absolute; top: -35px; right: 15px; color: #28a745; padding: 5px 10px; border-radius: 6px; font-size: 14px; font-weight: bold; display: flex; align-items: center; z-index: 10;\">recomendado para ti<\/div>\n<div data-namespace-header=\"\" style=\"\">\n<h3 data-namespace-title=\"\" style=\"color: #333; font-size: 20px; font-weight: bold; text-align: left; margin-right: 50px; min-height: 50px; margin-top: 0px;\">Consejo Fiscal Aut\u00f3nomo<\/h3>\n<\/p><\/div>\n<p data-namespace-prompt=\"\" style=\"font-size: 16px; color: #666; margin-bottom: 20px; line-height: 1.5; flex-grow: 1; text-align: left; margin-top: 0px;\">El CFA advierte sobre la utilizaci\u00f3n de recursos de emergencia para el reajuste p\u00fablico y destaca la importancia de financiamiento permanente.<\/p>\n<p>    <a data-namespace-url=\"\" href=\"https:\/\/thefundmentor.com\/pt\/redirect\/?https:\/\/www.biobiochile.cl\/noticias\/economia\/actualidad-economica\/2026\/01\/19\/los-recursos-para-emergencias-que-tambien-financian-el-reajuste-publico-y-levantan-alertas-en-el-cfa.shtml\" style=\"width: 100%; display: inline-block; color: white; text-decoration: none; border-radius: 6px; font-size: 16px; font-weight: bold; text-align: center; transition: transform 0.3s ease, background 0.3s ease; margin-top: auto;\" data-namespace-id=\"5c0d2565-3ba9-4280-a382-ad2a691e2285\"><br \/>\n        <button style=\"width: 100%; height: 55px; background: #e9e9ed; border: 1px solid black; color: black;\">Postular ahora<\/button><br \/>\n    <\/a><br \/>\n    <small style=\"margin-top: 10px; color: #777; font-size: 12px; text-align: center; display: block;\">Ser\u00e1 redirecionado para outro site<\/small>\n<\/div>\n<p>El Consejo Fiscal Aut\u00f3nomo (CFA) subray\u00f3 su preocupaci\u00f3n respecto al uso de fondos para emergencias en Chile, se\u00f1alando que parte de estos recursos tambi\u00e9n est\u00e1n siendo destinados al reajuste salarial del sector p\u00fablico. Esta advertencia surge ante la creciente presi\u00f3n sobre las finanzas p\u00fablicas y la disponibilidad de fondos ante contingencias impredecibles, especialmente en un contexto de desastres naturales recientes en el sur del pa\u00eds.<\/p>\n<p>A pesar de los mecanismos presupuestarios existentes, el CFA destaca la necesidad de distinguir entre gastos permanentes y provisiones para emergencias, haciendo hincapi\u00e9 en la importancia de mantener reservas suficiente para imprevistos. El escenario expuesto por la presidenta del organismo, Paula Benavides, incluye una brecha de financiamiento de USD 822 millones y la evidencia de que la asignaci\u00f3n de estos fondos podr\u00eda no ser sostenible si contin\u00faan us\u00e1ndose para fines ajenos a emergencias.<\/p>\n<p>En las \u00faltimas sesiones de la Comisi\u00f3n de Hacienda del Senado, la contralora Dorothy P\u00e9rez reiter\u00f3 que el uso compartido de estos fondos pone en riesgo la atenci\u00f3n de desastres. Se recomienda mantener transparencia y reglas claras sobre el origen y destino de los recursos fiscales, priorizando financiamiento estructural para gastos predecibles, como el reajuste de sueldos.<\/p>\n<div style=\"background: #ffffff; border-radius: 12px; box-shadow: 0 10px 30px rgba(0, 0, 0, 0.1); width: 100%; max-width: 340px; padding: 25px; transition: transform 0.3s ease-in-out; overflow: visible; display: flex; flex-direction: column; position: relative; border: 1px solid #28a745; margin-top: 70px; margin-bottom: 50px; margin-left: auto; margin-right: auto;\">\n<div style=\"position: absolute; top: -35px; right: 15px; color: #28a745; padding: 5px 10px; border-radius: 6px; font-size: 14px; font-weight: bold; display: flex; align-items: center; z-index: 10;\">recomendado para ti<\/div>\n<div data-namespace-header=\"\" style=\"\">\n<h3 data-namespace-title=\"\" style=\"color: #333; font-size: 20px; font-weight: bold; text-align: left; margin-right: 50px; min-height: 50px; margin-top: 0px;\">Consejo Fiscal Aut\u00f3nomo<\/h3>\n<\/p><\/div>\n<p data-namespace-prompt=\"\" style=\"font-size: 16px; color: #666; margin-bottom: 20px; line-height: 1.5; flex-grow: 1; text-align: left; margin-top: 0px;\">El CFA advierte sobre la utilizaci\u00f3n de recursos de emergencia para el reajuste p\u00fablico y destaca la importancia de financiamiento permanente.<\/p>\n<p>    <a data-namespace-url=\"\" href=\"https:\/\/thefundmentor.com\/pt\/redirect\/?https:\/\/www.biobiochile.cl\/noticias\/economia\/actualidad-economica\/2026\/01\/19\/los-recursos-para-emergencias-que-tambien-financian-el-reajuste-publico-y-levantan-alertas-en-el-cfa.shtml\" style=\"width: 100%; display: inline-block; color: white; text-decoration: none; border-radius: 6px; font-size: 16px; font-weight: bold; text-align: center; transition: transform 0.3s ease, background 0.3s ease; margin-top: auto;\" data-namespace-id=\"5c0d2565-3ba9-4280-a382-ad2a691e2285\"><br \/>\n        <button style=\"width: 100%; height: 55px; background: #e9e9ed; border: 1px solid black; color: black;\">Postular ahora<\/button><br \/>\n    <\/a><br \/>\n    <small style=\"margin-top: 10px; color: #777; font-size: 12px; text-align: center; display: block;\">Ser\u00e1 redirecionado para outro site<\/small>\n<\/div>","protected":false},"excerpt":{"rendered":"<p>El Consejo Fiscal Aut\u00f3nomo enciende alertas por el uso de fondos de emergencia para el reajuste p\u00fablico en Chile y exige transparencia en el financiamiento estatal.<\/p>","protected":false},"author":3,"featured_media":0,"comment_status":"open","ping_status":"open","sticky":false,"template":"","format":"standard","meta":{"_uag_custom_page_level_css":"","site-sidebar-layout":"default","site-content-layout":"","ast-site-content-layout":"","site-content-style":"default","site-sidebar-style":"default","ast-global-header-display":"","ast-banner-title-visibility":"","ast-main-header-display":"","ast-hfb-above-header-display":"","ast-hfb-below-header-display":"","ast-hfb-mobile-header-display":"","site-post-title":"","ast-breadcrumbs-content":"","ast-featured-img":"","footer-sml-layout":"","theme-transparent-header-meta":"","adv-header-id-meta":"","stick-header-meta":"","header-above-stick-meta":"","header-main-stick-meta":"","header-below-stick-meta":"","astra-migrate-meta-layouts":"default","ast-page-background-enabled":"default","ast-page-background-meta":{"desktop":{"background-color":"var(--ast-global-color-4)","background-image":"","background-repeat":"repeat","background-position":"center center","background-size":"auto","background-attachment":"scroll","background-type":"","background-media":"","overlay-type":"","overlay-color":"","overlay-opacity":"","overlay-gradient":""},"tablet":{"background-color":"","background-image":"","background-repeat":"repeat","background-position":"center center","background-size":"auto","background-attachment":"scroll","background-type":"","background-media":"","overlay-type":"","overlay-color":"","overlay-opacity":"","overlay-gradient":""},"mobile":{"background-color":"","background-image":"","background-repeat":"repeat","background-position":"center center","background-size":"auto","background-attachment":"scroll","background-type":"","background-media":"","overlay-type":"","overlay-color":"","overlay-opacity":"","overlay-gradient":""}},"ast-content-background-meta":{"desktop":{"background-color":"var(--ast-global-color-5)","background-image":"","background-repeat":"repeat","background-position":"center center","background-size":"auto","background-attachment":"scroll","background-type":"","background-media":"","overlay-type":"","overlay-color":"","overlay-opacity":"","overlay-gradient":""},"tablet":{"background-color":"var(--ast-global-color-5)","background-image":"","background-repeat":"repeat","background-position":"center center","background-size":"auto","background-attachment":"scroll","background-type":"","background-media":"","overlay-type":"","overlay-color":"","overlay-opacity":"","overlay-gradient":""},"mobile":{"background-color":"var(--ast-global-color-5)","background-image":"","background-repeat":"repeat","background-position":"center center","background-size":"auto","background-attachment":"scroll","background-type":"","background-media":"","overlay-type":"","overlay-color":"","overlay-opacity":"","overlay-gradient":""}},"footnotes":""},"categories":[9],"tags":[],"yoast_head":"<!-- This site is optimized with the Yoast SEO plugin v23.3 - https:\/\/yoast.com\/wordpress\/plugins\/seo\/ -->\n<title>Fondos fiscales para emergencias en Chile: advertencias del CFA sobre el reajuste p\u00fablico - The Fund Mentor<\/title>\n<meta name=\"robots\" content=\"index, follow, max-snippet:-1, max-image-preview:large, max-video-preview:-1\" \/>\n<link rel=\"canonical\" href=\"https:\/\/thefundmentor.com\/pt\/a62b0009-1c5b-4fdc-b90e-8ac753bbf54a\/\" \/>\n<meta property=\"og:locale\" content=\"pt_PT\" \/>\n<meta property=\"og:type\" content=\"article\" \/>\n<meta property=\"og:title\" content=\"Fondos fiscales para emergencias en Chile: advertencias del CFA sobre el reajuste p\u00fablico - The Fund Mentor\" \/>\n<meta property=\"og:description\" content=\"El Consejo Fiscal Aut\u00f3nomo enciende alertas por el uso de fondos de emergencia para el reajuste p\u00fablico en Chile y exige transparencia en el financiamiento estatal.\" \/>\n<meta property=\"og:url\" content=\"https:\/\/thefundmentor.com\/pt\/a62b0009-1c5b-4fdc-b90e-8ac753bbf54a\/\" \/>\n<meta property=\"og:site_name\" content=\"The Fund Mentor\" \/>\n<meta property=\"article:published_time\" content=\"2026-02-25T04:35:00+00:00\" \/>\n<meta property=\"article:modified_time\" content=\"2026-02-25T04:35:30+00:00\" \/>\n<meta name=\"author\" content=\"Bruno Gianni\" \/>\n<meta name=\"twitter:card\" content=\"summary_large_image\" \/>\n<meta name=\"twitter:label1\" content=\"Written by\" \/>\n\t<meta name=\"twitter:data1\" content=\"Bruno Gianni\" \/>\n\t<meta name=\"twitter:label2\" content=\"Est. reading time\" \/>\n\t<meta name=\"twitter:data2\" content=\"1 minuto\" \/>\n<script type=\"application\/ld+json\" class=\"yoast-schema-graph\">{\"@context\":\"https:\/\/schema.org\",\"@graph\":[{\"@type\":\"Article\",\"@id\":\"https:\/\/thefundmentor.com\/a62b0009-1c5b-4fdc-b90e-8ac753bbf54a\/#article\",\"isPartOf\":{\"@id\":\"https:\/\/thefundmentor.com\/a62b0009-1c5b-4fdc-b90e-8ac753bbf54a\/\"},\"author\":{\"name\":\"Bruno Gianni\",\"@id\":\"https:\/\/thefundmentor.com\/#\/schema\/person\/d52888235fd6563bd07d97185d6a61e4\"},\"headline\":\"Fondos fiscales para emergencias en Chile: advertencias del CFA sobre el reajuste p\u00fablico\",\"datePublished\":\"2026-02-25T04:35:00+00:00\",\"dateModified\":\"2026-02-25T04:35:30+00:00\",\"mainEntityOfPage\":{\"@id\":\"https:\/\/thefundmentor.com\/a62b0009-1c5b-4fdc-b90e-8ac753bbf54a\/\"},\"wordCount\":302,\"commentCount\":0,\"publisher\":{\"@id\":\"https:\/\/thefundmentor.com\/#organization\"},\"articleSection\":[\"Hidden\"],\"inLanguage\":\"pt-PT\",\"potentialAction\":[{\"@type\":\"CommentAction\",\"name\":\"Comment\",\"target\":[\"https:\/\/thefundmentor.com\/a62b0009-1c5b-4fdc-b90e-8ac753bbf54a\/#respond\"]}]},{\"@type\":\"WebPage\",\"@id\":\"https:\/\/thefundmentor.com\/a62b0009-1c5b-4fdc-b90e-8ac753bbf54a\/\",\"url\":\"https:\/\/thefundmentor.com\/a62b0009-1c5b-4fdc-b90e-8ac753bbf54a\/\",\"name\":\"Fondos fiscales para emergencias en Chile: advertencias del CFA sobre el reajuste p\u00fablico - The Fund Mentor\",\"isPartOf\":{\"@id\":\"https:\/\/thefundmentor.com\/#website\"},\"datePublished\":\"2026-02-25T04:35:00+00:00\",\"dateModified\":\"2026-02-25T04:35:30+00:00\",\"breadcrumb\":{\"@id\":\"https:\/\/thefundmentor.com\/a62b0009-1c5b-4fdc-b90e-8ac753bbf54a\/#breadcrumb\"},\"inLanguage\":\"pt-PT\",\"potentialAction\":[{\"@type\":\"ReadAction\",\"target\":[\"https:\/\/thefundmentor.com\/a62b0009-1c5b-4fdc-b90e-8ac753bbf54a\/\"]}]},{\"@type\":\"BreadcrumbList\",\"@id\":\"https:\/\/thefundmentor.com\/a62b0009-1c5b-4fdc-b90e-8ac753bbf54a\/#breadcrumb\",\"itemListElement\":[{\"@type\":\"ListItem\",\"position\":1,\"name\":\"Home\",\"item\":\"https:\/\/thefundmentor.com\/\"},{\"@type\":\"ListItem\",\"position\":2,\"name\":\"Fondos fiscales para emergencias en Chile: advertencias del CFA sobre el reajuste p\u00fablico\"}]},{\"@type\":\"WebSite\",\"@id\":\"https:\/\/thefundmentor.com\/#website\",\"url\":\"https:\/\/thefundmentor.com\/\",\"name\":\"The Fund Mentor\",\"description\":\"\",\"publisher\":{\"@id\":\"https:\/\/thefundmentor.com\/#organization\"},\"potentialAction\":[{\"@type\":\"SearchAction\",\"target\":{\"@type\":\"EntryPoint\",\"urlTemplate\":\"https:\/\/thefundmentor.com\/?s={search_term_string}\"},\"query-input\":\"required name=search_term_string\"}],\"inLanguage\":\"pt-PT\"},{\"@type\":\"Organization\",\"@id\":\"https:\/\/thefundmentor.com\/#organization\",\"name\":\"The Fund Mentor\",\"url\":\"https:\/\/thefundmentor.com\/\",\"logo\":{\"@type\":\"ImageObject\",\"inLanguage\":\"pt-PT\",\"@id\":\"https:\/\/thefundmentor.com\/#\/schema\/logo\/image\/\",\"url\":\"https:\/\/thefundmentor.com\/wp-content\/uploads\/sites\/506\/2025\/11\/Logo-The-Fund-Mentor.png\",\"contentUrl\":\"https:\/\/thefundmentor.com\/wp-content\/uploads\/sites\/506\/2025\/11\/Logo-The-Fund-Mentor.png\",\"width\":600,\"height\":600,\"caption\":\"The Fund Mentor\"},\"image\":{\"@id\":\"https:\/\/thefundmentor.com\/#\/schema\/logo\/image\/\"}},{\"@type\":\"Person\",\"@id\":\"https:\/\/thefundmentor.com\/#\/schema\/person\/d52888235fd6563bd07d97185d6a61e4\",\"name\":\"Bruno Gianni\",\"image\":{\"@type\":\"ImageObject\",\"inLanguage\":\"pt-PT\",\"@id\":\"https:\/\/thefundmentor.com\/#\/schema\/person\/image\/\",\"url\":\"https:\/\/secure.gravatar.com\/avatar\/0f5d42d7bf77874643c1478932860e3f?s=96&d=mm&r=g\",\"contentUrl\":\"https:\/\/secure.gravatar.com\/avatar\/0f5d42d7bf77874643c1478932860e3f?s=96&d=mm&r=g\",\"caption\":\"Bruno Gianni\"},\"description\":\"Bruno writes the way he lives, with curiosity, care, and respect for people. He likes to observe, listen, and try to understand what is happening on the other side before putting any words on the page.For him, writing is not about impressing, but about getting closer. It is about turning thoughts into something simple, clear, and real. Every text is an ongoing conversation, created with care and honesty, with the sincere intention of touching someone, somewhere along the way.\",\"url\":\"https:\/\/thefundmentor.com\/pt\/author\/bcgianni\/\"}]}<\/script>\n<!-- \/ Yoast SEO plugin. -->","yoast_head_json":{"title":"Fondos fiscales para emergencias en Chile: advertencias del CFA sobre el reajuste p\u00fablico - The Fund Mentor","robots":{"index":"index","follow":"follow","max-snippet":"max-snippet:-1","max-image-preview":"max-image-preview:large","max-video-preview":"max-video-preview:-1"},"canonical":"https:\/\/thefundmentor.com\/pt\/a62b0009-1c5b-4fdc-b90e-8ac753bbf54a\/","og_locale":"pt_PT","og_type":"article","og_title":"Fondos fiscales para emergencias en Chile: advertencias del CFA sobre el reajuste p\u00fablico - The Fund Mentor","og_description":"El Consejo Fiscal Aut\u00f3nomo enciende alertas por el uso de fondos de emergencia para el reajuste p\u00fablico en Chile y exige transparencia en el financiamiento estatal.","og_url":"https:\/\/thefundmentor.com\/pt\/a62b0009-1c5b-4fdc-b90e-8ac753bbf54a\/","og_site_name":"The Fund Mentor","article_published_time":"2026-02-25T04:35:00+00:00","article_modified_time":"2026-02-25T04:35:30+00:00","author":"Bruno Gianni","twitter_card":"summary_large_image","twitter_misc":{"Written by":"Bruno Gianni","Est. reading time":"1 minuto"},"schema":{"@context":"https:\/\/schema.org","@graph":[{"@type":"Article","@id":"https:\/\/thefundmentor.com\/a62b0009-1c5b-4fdc-b90e-8ac753bbf54a\/#article","isPartOf":{"@id":"https:\/\/thefundmentor.com\/a62b0009-1c5b-4fdc-b90e-8ac753bbf54a\/"},"author":{"name":"Bruno Gianni","@id":"https:\/\/thefundmentor.com\/#\/schema\/person\/d52888235fd6563bd07d97185d6a61e4"},"headline":"Fondos fiscales para emergencias en Chile: advertencias del CFA sobre el reajuste p\u00fablico","datePublished":"2026-02-25T04:35:00+00:00","dateModified":"2026-02-25T04:35:30+00:00","mainEntityOfPage":{"@id":"https:\/\/thefundmentor.com\/a62b0009-1c5b-4fdc-b90e-8ac753bbf54a\/"},"wordCount":302,"commentCount":0,"publisher":{"@id":"https:\/\/thefundmentor.com\/#organization"},"articleSection":["Hidden"],"inLanguage":"pt-PT","potentialAction":[{"@type":"CommentAction","name":"Comment","target":["https:\/\/thefundmentor.com\/a62b0009-1c5b-4fdc-b90e-8ac753bbf54a\/#respond"]}]},{"@type":"WebPage","@id":"https:\/\/thefundmentor.com\/a62b0009-1c5b-4fdc-b90e-8ac753bbf54a\/","url":"https:\/\/thefundmentor.com\/a62b0009-1c5b-4fdc-b90e-8ac753bbf54a\/","name":"Fondos fiscales para emergencias en Chile: advertencias del CFA sobre el reajuste p\u00fablico - The Fund Mentor","isPartOf":{"@id":"https:\/\/thefundmentor.com\/#website"},"datePublished":"2026-02-25T04:35:00+00:00","dateModified":"2026-02-25T04:35:30+00:00","breadcrumb":{"@id":"https:\/\/thefundmentor.com\/a62b0009-1c5b-4fdc-b90e-8ac753bbf54a\/#breadcrumb"},"inLanguage":"pt-PT","potentialAction":[{"@type":"ReadAction","target":["https:\/\/thefundmentor.com\/a62b0009-1c5b-4fdc-b90e-8ac753bbf54a\/"]}]},{"@type":"BreadcrumbList","@id":"https:\/\/thefundmentor.com\/a62b0009-1c5b-4fdc-b90e-8ac753bbf54a\/#breadcrumb","itemListElement":[{"@type":"ListItem","position":1,"name":"Home","item":"https:\/\/thefundmentor.com\/"},{"@type":"ListItem","position":2,"name":"Fondos fiscales para emergencias en Chile: advertencias del CFA sobre el reajuste p\u00fablico"}]},{"@type":"WebSite","@id":"https:\/\/thefundmentor.com\/#website","url":"https:\/\/thefundmentor.com\/","name":"The Fund Mentor","description":"","publisher":{"@id":"https:\/\/thefundmentor.com\/#organization"},"potentialAction":[{"@type":"SearchAction","target":{"@type":"EntryPoint","urlTemplate":"https:\/\/thefundmentor.com\/?s={search_term_string}"},"query-input":"required name=search_term_string"}],"inLanguage":"pt-PT"},{"@type":"Organization","@id":"https:\/\/thefundmentor.com\/#organization","name":"The Fund Mentor","url":"https:\/\/thefundmentor.com\/","logo":{"@type":"ImageObject","inLanguage":"pt-PT","@id":"https:\/\/thefundmentor.com\/#\/schema\/logo\/image\/","url":"https:\/\/thefundmentor.com\/wp-content\/uploads\/sites\/506\/2025\/11\/Logo-The-Fund-Mentor.png","contentUrl":"https:\/\/thefundmentor.com\/wp-content\/uploads\/sites\/506\/2025\/11\/Logo-The-Fund-Mentor.png","width":600,"height":600,"caption":"The Fund Mentor"},"image":{"@id":"https:\/\/thefundmentor.com\/#\/schema\/logo\/image\/"}},{"@type":"Person","@id":"https:\/\/thefundmentor.com\/#\/schema\/person\/d52888235fd6563bd07d97185d6a61e4","name":"Bruno Gianni","image":{"@type":"ImageObject","inLanguage":"pt-PT","@id":"https:\/\/thefundmentor.com\/#\/schema\/person\/image\/","url":"https:\/\/secure.gravatar.com\/avatar\/0f5d42d7bf77874643c1478932860e3f?s=96&d=mm&r=g","contentUrl":"https:\/\/secure.gravatar.com\/avatar\/0f5d42d7bf77874643c1478932860e3f?s=96&d=mm&r=g","caption":"Bruno Gianni"},"description":"Bruno writes the way he lives, with curiosity, care, and respect for people. He likes to observe, listen, and try to understand what is happening on the other side before putting any words on the page.For him, writing is not about impressing, but about getting closer. It is about turning thoughts into something simple, clear, and real. Every text is an ongoing conversation, created with care and honesty, with the sincere intention of touching someone, somewhere along the way.","url":"https:\/\/thefundmentor.com\/pt\/author\/bcgianni\/"}]}},"uagb_featured_image_src":{"full":false,"thumbnail":false,"medium":false,"medium_large":false,"large":false,"1536x1536":false,"2048x2048":false,"trp-custom-language-flag":false},"uagb_author_info":{"display_name":"Bruno Gianni","author_link":"https:\/\/thefundmentor.com\/pt\/author\/bcgianni\/"},"uagb_comment_info":0,"uagb_excerpt":"El Consejo Fiscal Aut\u00f3nomo enciende alertas por el uso de fondos de emergencia para el reajuste p\u00fablico en Chile y exige transparencia en el financiamiento estatal.","_links":{"self":[{"href":"https:\/\/thefundmentor.com\/pt\/wp-json\/wp\/v2\/posts\/30608"}],"collection":[{"href":"https:\/\/thefundmentor.com\/pt\/wp-json\/wp\/v2\/posts"}],"about":[{"href":"https:\/\/thefundmentor.com\/pt\/wp-json\/wp\/v2\/types\/post"}],"author":[{"embeddable":true,"href":"https:\/\/thefundmentor.com\/pt\/wp-json\/wp\/v2\/users\/3"}],"replies":[{"embeddable":true,"href":"https:\/\/thefundmentor.com\/pt\/wp-json\/wp\/v2\/comments?post=30608"}],"version-history":[{"count":1,"href":"https:\/\/thefundmentor.com\/pt\/wp-json\/wp\/v2\/posts\/30608\/revisions"}],"predecessor-version":[{"id":30611,"href":"https:\/\/thefundmentor.com\/pt\/wp-json\/wp\/v2\/posts\/30608\/revisions\/30611"}],"wp:attachment":[{"href":"https:\/\/thefundmentor.com\/pt\/wp-json\/wp\/v2\/media?parent=30608"}],"wp:term":[{"taxonomy":"category","embeddable":true,"href":"https:\/\/thefundmentor.com\/pt\/wp-json\/wp\/v2\/categories?post=30608"},{"taxonomy":"post_tag","embeddable":true,"href":"https:\/\/thefundmentor.com\/pt\/wp-json\/wp\/v2\/tags?post=30608"}],"curies":[{"name":"wp","href":"https:\/\/api.w.org\/{rel}","templated":true}]}}