{"id":54720,"date":"2026-04-13T17:35:00","date_gmt":"2026-04-13T17:35:00","guid":{"rendered":"https:\/\/thefundmentor.com\/abb937c7-2491-4951-8bb2-aefd51d75119\/"},"modified":"2026-04-13T17:35:09","modified_gmt":"2026-04-13T17:35:09","slug":"abb937c7-2491-4951-8bb2-aefd51d75119","status":"publish","type":"post","link":"https:\/\/thefundmentor.com\/it\/abb937c7-2491-4951-8bb2-aefd51d75119\/","title":{"rendered":"Marceneiro \u2013 Vaga Efetiva com Sal\u00e1rio Competitivo e Benef\u00edcios Atrativos"},"content":{"rendered":"<\/p>\n<\/p>\n<div style=\"background: #ffffff; border-radius: 12px; box-shadow: 0 10px 30px rgba(0, 0, 0, 0.1); width: 100%; max-width: 340px; padding: 25px; transition: transform 0.3s ease-in-out; overflow: visible; display: flex; flex-direction: column; position: relative; border: 1px solid #28a745; margin-top: 70px; margin-bottom: 50px; margin-left: auto; margin-right: auto;\">\n<div style=\"position: absolute; top: -35px; right: 15px; color: #28a745; padding: 5px 10px; border-radius: 6px; font-size: 14px; font-weight: bold; display: flex; align-items: center; z-index: 10;\">Recomendado para voc\u00ea<\/div>\n<div data-namespace-header=\"\" style=\"\">\n<h3 data-namespace-title=\"\" style=\"color: #333; font-size: 20px; font-weight: bold; text-align: left; margin-right: 50px; min-height: 50px; margin-top: 0px;\">Marceneiro<\/h3>\n<\/p><\/div>\n<p data-namespace-prompt=\"\" style=\"font-size: 16px; color: #666; margin-bottom: 20px; line-height: 1.5; flex-grow: 1; text-align: left; margin-top: 0px;\">Cargo efetivo com sal\u00e1rio em torno de R$2.700, atua\u00e7\u00e3o presencial, benef\u00edcios como plano de sa\u00fade, refeit\u00f3rio e apoio na carreira. Experi\u00eancia comprovada \u00e9 exigida.<\/p>\n<p>    <a data-namespace-url=\"\" href=\"https:\/\/thefundmentor.com\/it\/redirect\/?https:\/\/bebee.com\/br\/jobs\/marceneiro-vagas-em-aberto-sogipa-porto-alegre-rio-grande-do-sul--theirstack-646581243?utm_campaign=google_jobs_apply&#038;utm_source=google_jobs_apply&#038;utm_medium=organic\" style=\"width: 100%; display: inline-block; color: white; text-decoration: none; border-radius: 6px; font-size: 16px; font-weight: bold; text-align: center; transition: transform 0.3s ease, background 0.3s ease; margin-top: auto;\" data-namespace-id=\"5c0d2565-3ba9-4280-a382-ad2a691e2285\"><br \/>\n        <button style=\"width: 100%; height: 55px; background: #e9e9ed; border: 1px solid black; color: black;\">Candidarsi \u00e0 vaga<\/button><br \/>\n    <\/a><br \/>\n    <small style=\"margin-top: 10px; color: #777; font-size: 12px; text-align: center; display: block;\">Verrai reindirizzato all&#039;altro sito<\/small>\n<\/div>\n<h2>Como \u00e9 o dia a dia do Marceneiro<\/h2>\n<p>O profissional ir\u00e1 manter a rotina de manuten\u00e7\u00e3o interna de mobili\u00e1rio e estruturas de madeira. Executar\u00e1 reformas e apoio em eventos, garantindo servi\u00e7os de qualidade diariamente.<\/p>\n<p>\u00c9 esperado participar da movimenta\u00e7\u00e3o de equipamentos e materiais para suportar as opera\u00e7\u00f5es do clube.<\/p>\n<p>Al\u00e9m disso, dar\u00e1 suporte operacional \u00e0 equipe mantendo a organiza\u00e7\u00e3o e pronta resposta em situa\u00e7\u00f5es emergenciais.<\/p>\n<p>As atividades s\u00e3o majoritariamente presenciais, seguindo rotina semanal de segunda a sexta, com in\u00edcio \u00e0s 08h e t\u00e9rmino \u00e0s 17h48.<\/p>\n<p>Essa estrutura oferece estabilidade para planejar sua vida pessoal e profissional com previsibilidade.<\/p>\n<h2>Vantagens e diferenciais do cargo<\/h2>\n<p>Entre os principais pontos positivos, destaca-se o sal\u00e1rio estimado em R$2.702,00 mensais, considerado competitivo para a fun\u00e7\u00e3o e o segmento.<\/p>\n<p>O pacote de benef\u00edcios inclui plano de sa\u00fade estendido a dependentes, refeit\u00f3rio no local e conv\u00eanios com farm\u00e1cia e faculdades.<\/p>\n<p>Outro diferencial \u00e9 a possibilidade de evolu\u00e7\u00e3o na carreira para profissionais experientes e comprometidos com os resultados.<\/p>\n<p>O ambiente colaborativo incentiva o crescimento t\u00e9cnico, j\u00e1 que h\u00e1 forte intera\u00e7\u00e3o com equipe multifuncional de manuten\u00e7\u00e3o.<\/p>\n<p>O hor\u00e1rio comercial permite equil\u00edbrio entre vida profissional e pessoal, ponto bastante valorizado atualmente.<\/p>\n<h2>Desvantagens e poss\u00edveis desafios<\/h2>\n<p>Por ser uma vaga presencial, n\u00e3o h\u00e1 flexibilidade de trabalho remoto, o que pode ser um fator restritivo para alguns candidatos.<\/p>\n<p>O trabalho pode exigir esfor\u00e7o f\u00edsico cont\u00ednuo e disponibilidade para atuar em demandas e eventos fora do roteiro habitual.<\/p>\n<p>A exig\u00eancia de experi\u00eancia comprovada pode limitar o acesso de profissionais iniciantes, criando concorr\u00eancia mais acirrada entre candidatos.<\/p>\n<p>Adapta\u00e7\u00e3o \u00e0 cultura da empresa e ritmo de trabalho operacional podem demandar um per\u00edodo de integra\u00e7\u00e3o mais intenso.<\/p>\n<p>Apesar de benef\u00edcios, outros cargos do mercado podem oferecer sal\u00e1rios superiores para profissionais altamente especializados.<\/p>\n<h2>Veredito Final<\/h2>\n<p>Para quem busca estabilidade, bom ambiente e benef\u00edcios s\u00f3lidos, esta oportunidade como Marceneiro \u00e9 bastante atraente.<\/p>\n<p>A exig\u00eancia de experi\u00eancia garante um perfil alinhado \u00e0 rotina e desafios do cargo, trazendo previsibilidade para quem gosta de rotina estruturada.<\/p>\n<p>\u00c9 uma op\u00e7\u00e3o interessante, principalmente para quem valorizada estabilidade e benef\u00edcios, com jornada tradicional e foco em manuten\u00e7\u00e3o operacional.<\/p>\n<p>Os benef\u00edcios oferecidos s\u00e3o competitivos e colaboram para a satisfa\u00e7\u00e3o profissional e familiar do colaborador.<\/p>\n<p>Se o perfil se encaixa nos requisitos e busca crescimento na \u00e1rea, vale a pena candidatar-se e considerar o desafio.<\/p>\n<div style=\"background: #ffffff; border-radius: 12px; box-shadow: 0 10px 30px rgba(0, 0, 0, 0.1); width: 100%; max-width: 340px; padding: 25px; transition: transform 0.3s ease-in-out; overflow: visible; display: flex; flex-direction: column; position: relative; border: 1px solid #28a745; margin-top: 70px; margin-bottom: 50px; margin-left: auto; margin-right: auto;\">\n<div style=\"position: absolute; top: -35px; right: 15px; color: #28a745; padding: 5px 10px; border-radius: 6px; font-size: 14px; font-weight: bold; display: flex; align-items: center; z-index: 10;\">Recomendado para voc\u00ea<\/div>\n<div data-namespace-header=\"\" style=\"\">\n<h3 data-namespace-title=\"\" style=\"color: #333; font-size: 20px; font-weight: bold; text-align: left; margin-right: 50px; min-height: 50px; margin-top: 0px;\">Marceneiro<\/h3>\n<\/p><\/div>\n<p data-namespace-prompt=\"\" style=\"font-size: 16px; color: #666; margin-bottom: 20px; line-height: 1.5; flex-grow: 1; text-align: left; margin-top: 0px;\">Cargo efetivo com sal\u00e1rio em torno de R$2.700, atua\u00e7\u00e3o presencial, benef\u00edcios como plano de sa\u00fade, refeit\u00f3rio e apoio na carreira. Experi\u00eancia comprovada \u00e9 exigida.<\/p>\n<p>    <a data-namespace-url=\"\" href=\"https:\/\/thefundmentor.com\/it\/redirect\/?https:\/\/bebee.com\/br\/jobs\/marceneiro-vagas-em-aberto-sogipa-porto-alegre-rio-grande-do-sul--theirstack-646581243?utm_campaign=google_jobs_apply&#038;utm_source=google_jobs_apply&#038;utm_medium=organic\" style=\"width: 100%; display: inline-block; color: white; text-decoration: none; border-radius: 6px; font-size: 16px; font-weight: bold; text-align: center; transition: transform 0.3s ease, background 0.3s ease; margin-top: auto;\" data-namespace-id=\"5c0d2565-3ba9-4280-a382-ad2a691e2285\"><br \/>\n        <button style=\"width: 100%; height: 55px; background: #e9e9ed; border: 1px solid black; color: black;\">Candidarsi \u00e0 vaga<\/button><br \/>\n    <\/a><br \/>\n    <small style=\"margin-top: 10px; color: #777; font-size: 12px; text-align: center; display: block;\">Verrai reindirizzato all&#039;altro sito<\/small>\n<\/div>","protected":false},"excerpt":{"rendered":"<p>Confira a vaga de Marceneiro em empresa s\u00f3lida, com sal\u00e1rio atrativo, benef\u00edcios como plano de sa\u00fade e refeit\u00f3rio, jornada est\u00e1vel e foco em manuten\u00e7\u00e3o e apoio operacional. Candidate-se j\u00e1!<\/p>","protected":false},"author":3,"featured_media":0,"comment_status":"open","ping_status":"open","sticky":false,"template":"","format":"standard","meta":{"_uag_custom_page_level_css":"","site-sidebar-layout":"default","site-content-layout":"","ast-site-content-layout":"","site-content-style":"default","site-sidebar-style":"default","ast-global-header-display":"","ast-banner-title-visibility":"","ast-main-header-display":"","ast-hfb-above-header-display":"","ast-hfb-below-header-display":"","ast-hfb-mobile-header-display":"","site-post-title":"","ast-breadcrumbs-content":"","ast-featured-img":"","footer-sml-layout":"","theme-transparent-header-meta":"","adv-header-id-meta":"","stick-header-meta":"","header-above-stick-meta":"","header-main-stick-meta":"","header-below-stick-meta":"","astra-migrate-meta-layouts":"default","ast-page-background-enabled":"default","ast-page-background-meta":{"desktop":{"background-color":"var(--ast-global-color-4)","background-image":"","background-repeat":"repeat","background-position":"center center","background-size":"auto","background-attachment":"scroll","background-type":"","background-media":"","overlay-type":"","overlay-color":"","overlay-opacity":"","overlay-gradient":""},"tablet":{"background-color":"","background-image":"","background-repeat":"repeat","background-position":"center center","background-size":"auto","background-attachment":"scroll","background-type":"","background-media":"","overlay-type":"","overlay-color":"","overlay-opacity":"","overlay-gradient":""},"mobile":{"background-color":"","background-image":"","background-repeat":"repeat","background-position":"center center","background-size":"auto","background-attachment":"scroll","background-type":"","background-media":"","overlay-type":"","overlay-color":"","overlay-opacity":"","overlay-gradient":""}},"ast-content-background-meta":{"desktop":{"background-color":"var(--ast-global-color-5)","background-image":"","background-repeat":"repeat","background-position":"center center","background-size":"auto","background-attachment":"scroll","background-type":"","background-media":"","overlay-type":"","overlay-color":"","overlay-opacity":"","overlay-gradient":""},"tablet":{"background-color":"var(--ast-global-color-5)","background-image":"","background-repeat":"repeat","background-position":"center center","background-size":"auto","background-attachment":"scroll","background-type":"","background-media":"","overlay-type":"","overlay-color":"","overlay-opacity":"","overlay-gradient":""},"mobile":{"background-color":"var(--ast-global-color-5)","background-image":"","background-repeat":"repeat","background-position":"center center","background-size":"auto","background-attachment":"scroll","background-type":"","background-media":"","overlay-type":"","overlay-color":"","overlay-opacity":"","overlay-gradient":""}},"footnotes":""},"categories":[9],"tags":[],"yoast_head":"<!-- This site is optimized with the Yoast SEO plugin v23.3 - https:\/\/yoast.com\/wordpress\/plugins\/seo\/ -->\n<title>Marceneiro \u2013 Vaga Efetiva com Sal\u00e1rio Competitivo e Benef\u00edcios Atrativos - The Fund Mentor<\/title>\n<meta name=\"robots\" content=\"index, follow, max-snippet:-1, max-image-preview:large, max-video-preview:-1\" \/>\n<link rel=\"canonical\" href=\"https:\/\/thefundmentor.com\/it\/abb937c7-2491-4951-8bb2-aefd51d75119\/\" \/>\n<meta property=\"og:locale\" content=\"it_IT\" \/>\n<meta property=\"og:type\" content=\"article\" \/>\n<meta property=\"og:title\" content=\"Marceneiro \u2013 Vaga Efetiva com Sal\u00e1rio Competitivo e Benef\u00edcios Atrativos - The Fund Mentor\" \/>\n<meta property=\"og:description\" content=\"Confira a vaga de Marceneiro em empresa s\u00f3lida, com sal\u00e1rio atrativo, benef\u00edcios como plano de sa\u00fade e refeit\u00f3rio, jornada est\u00e1vel e foco em manuten\u00e7\u00e3o e apoio operacional. Candidate-se j\u00e1!\" \/>\n<meta property=\"og:url\" content=\"https:\/\/thefundmentor.com\/it\/abb937c7-2491-4951-8bb2-aefd51d75119\/\" \/>\n<meta property=\"og:site_name\" content=\"The Fund Mentor\" \/>\n<meta property=\"article:published_time\" content=\"2026-04-13T17:35:00+00:00\" \/>\n<meta property=\"article:modified_time\" content=\"2026-04-13T17:35:09+00:00\" \/>\n<meta name=\"author\" content=\"Bruno Gianni\" \/>\n<meta name=\"twitter:card\" content=\"summary_large_image\" \/>\n<meta name=\"twitter:label1\" content=\"Written by\" \/>\n\t<meta name=\"twitter:data1\" content=\"Bruno Gianni\" \/>\n\t<meta name=\"twitter:label2\" content=\"Est. reading time\" \/>\n\t<meta name=\"twitter:data2\" content=\"3 minuti\" \/>\n<script type=\"application\/ld+json\" class=\"yoast-schema-graph\">{\"@context\":\"https:\/\/schema.org\",\"@graph\":[{\"@type\":\"Article\",\"@id\":\"https:\/\/thefundmentor.com\/abb937c7-2491-4951-8bb2-aefd51d75119\/#article\",\"isPartOf\":{\"@id\":\"https:\/\/thefundmentor.com\/abb937c7-2491-4951-8bb2-aefd51d75119\/\"},\"author\":{\"name\":\"Bruno Gianni\",\"@id\":\"https:\/\/thefundmentor.com\/#\/schema\/person\/d52888235fd6563bd07d97185d6a61e4\"},\"headline\":\"Marceneiro \u2013 Vaga Efetiva com Sal\u00e1rio Competitivo e Benef\u00edcios Atrativos\",\"datePublished\":\"2026-04-13T17:35:00+00:00\",\"dateModified\":\"2026-04-13T17:35:09+00:00\",\"mainEntityOfPage\":{\"@id\":\"https:\/\/thefundmentor.com\/abb937c7-2491-4951-8bb2-aefd51d75119\/\"},\"wordCount\":512,\"commentCount\":0,\"publisher\":{\"@id\":\"https:\/\/thefundmentor.com\/#organization\"},\"articleSection\":[\"Hidden\"],\"inLanguage\":\"it-IT\",\"potentialAction\":[{\"@type\":\"CommentAction\",\"name\":\"Comment\",\"target\":[\"https:\/\/thefundmentor.com\/abb937c7-2491-4951-8bb2-aefd51d75119\/#respond\"]}]},{\"@type\":\"WebPage\",\"@id\":\"https:\/\/thefundmentor.com\/abb937c7-2491-4951-8bb2-aefd51d75119\/\",\"url\":\"https:\/\/thefundmentor.com\/abb937c7-2491-4951-8bb2-aefd51d75119\/\",\"name\":\"Marceneiro \u2013 Vaga Efetiva com Sal\u00e1rio Competitivo e Benef\u00edcios Atrativos - The Fund Mentor\",\"isPartOf\":{\"@id\":\"https:\/\/thefundmentor.com\/#website\"},\"datePublished\":\"2026-04-13T17:35:00+00:00\",\"dateModified\":\"2026-04-13T17:35:09+00:00\",\"breadcrumb\":{\"@id\":\"https:\/\/thefundmentor.com\/abb937c7-2491-4951-8bb2-aefd51d75119\/#breadcrumb\"},\"inLanguage\":\"it-IT\",\"potentialAction\":[{\"@type\":\"ReadAction\",\"target\":[\"https:\/\/thefundmentor.com\/abb937c7-2491-4951-8bb2-aefd51d75119\/\"]}]},{\"@type\":\"BreadcrumbList\",\"@id\":\"https:\/\/thefundmentor.com\/abb937c7-2491-4951-8bb2-aefd51d75119\/#breadcrumb\",\"itemListElement\":[{\"@type\":\"ListItem\",\"position\":1,\"name\":\"Home\",\"item\":\"https:\/\/thefundmentor.com\/\"},{\"@type\":\"ListItem\",\"position\":2,\"name\":\"Marceneiro \u2013 Vaga Efetiva com Sal\u00e1rio Competitivo e Benef\u00edcios Atrativos\"}]},{\"@type\":\"WebSite\",\"@id\":\"https:\/\/thefundmentor.com\/#website\",\"url\":\"https:\/\/thefundmentor.com\/\",\"name\":\"The Fund Mentor\",\"description\":\"\",\"publisher\":{\"@id\":\"https:\/\/thefundmentor.com\/#organization\"},\"potentialAction\":[{\"@type\":\"SearchAction\",\"target\":{\"@type\":\"EntryPoint\",\"urlTemplate\":\"https:\/\/thefundmentor.com\/?s={search_term_string}\"},\"query-input\":\"required name=search_term_string\"}],\"inLanguage\":\"it-IT\"},{\"@type\":\"Organization\",\"@id\":\"https:\/\/thefundmentor.com\/#organization\",\"name\":\"The Fund Mentor\",\"url\":\"https:\/\/thefundmentor.com\/\",\"logo\":{\"@type\":\"ImageObject\",\"inLanguage\":\"it-IT\",\"@id\":\"https:\/\/thefundmentor.com\/#\/schema\/logo\/image\/\",\"url\":\"https:\/\/thefundmentor.com\/wp-content\/uploads\/sites\/506\/2025\/11\/Logo-The-Fund-Mentor.png\",\"contentUrl\":\"https:\/\/thefundmentor.com\/wp-content\/uploads\/sites\/506\/2025\/11\/Logo-The-Fund-Mentor.png\",\"width\":600,\"height\":600,\"caption\":\"The Fund Mentor\"},\"image\":{\"@id\":\"https:\/\/thefundmentor.com\/#\/schema\/logo\/image\/\"}},{\"@type\":\"Person\",\"@id\":\"https:\/\/thefundmentor.com\/#\/schema\/person\/d52888235fd6563bd07d97185d6a61e4\",\"name\":\"Bruno Gianni\",\"image\":{\"@type\":\"ImageObject\",\"inLanguage\":\"it-IT\",\"@id\":\"https:\/\/thefundmentor.com\/#\/schema\/person\/image\/\",\"url\":\"https:\/\/secure.gravatar.com\/avatar\/0f5d42d7bf77874643c1478932860e3f?s=96&d=mm&r=g\",\"contentUrl\":\"https:\/\/secure.gravatar.com\/avatar\/0f5d42d7bf77874643c1478932860e3f?s=96&d=mm&r=g\",\"caption\":\"Bruno Gianni\"},\"description\":\"Bruno writes the way he lives, with curiosity, care, and respect for people. He likes to observe, listen, and try to understand what is happening on the other side before putting any words on the page.For him, writing is not about impressing, but about getting closer. It is about turning thoughts into something simple, clear, and real. Every text is an ongoing conversation, created with care and honesty, with the sincere intention of touching someone, somewhere along the way.\",\"url\":\"https:\/\/thefundmentor.com\/it\/author\/bcgianni\/\"}]}<\/script>\n<!-- \/ Yoast SEO plugin. -->","yoast_head_json":{"title":"Marceneiro \u2013 Vaga Efetiva com Sal\u00e1rio Competitivo e Benef\u00edcios Atrativos - The Fund Mentor","robots":{"index":"index","follow":"follow","max-snippet":"max-snippet:-1","max-image-preview":"max-image-preview:large","max-video-preview":"max-video-preview:-1"},"canonical":"https:\/\/thefundmentor.com\/it\/abb937c7-2491-4951-8bb2-aefd51d75119\/","og_locale":"it_IT","og_type":"article","og_title":"Marceneiro \u2013 Vaga Efetiva com Sal\u00e1rio Competitivo e Benef\u00edcios Atrativos - The Fund Mentor","og_description":"Confira a vaga de Marceneiro em empresa s\u00f3lida, com sal\u00e1rio atrativo, benef\u00edcios como plano de sa\u00fade e refeit\u00f3rio, jornada est\u00e1vel e foco em manuten\u00e7\u00e3o e apoio operacional. Candidate-se j\u00e1!","og_url":"https:\/\/thefundmentor.com\/it\/abb937c7-2491-4951-8bb2-aefd51d75119\/","og_site_name":"The Fund Mentor","article_published_time":"2026-04-13T17:35:00+00:00","article_modified_time":"2026-04-13T17:35:09+00:00","author":"Bruno Gianni","twitter_card":"summary_large_image","twitter_misc":{"Written by":"Bruno Gianni","Est. reading time":"3 minuti"},"schema":{"@context":"https:\/\/schema.org","@graph":[{"@type":"Article","@id":"https:\/\/thefundmentor.com\/abb937c7-2491-4951-8bb2-aefd51d75119\/#article","isPartOf":{"@id":"https:\/\/thefundmentor.com\/abb937c7-2491-4951-8bb2-aefd51d75119\/"},"author":{"name":"Bruno Gianni","@id":"https:\/\/thefundmentor.com\/#\/schema\/person\/d52888235fd6563bd07d97185d6a61e4"},"headline":"Marceneiro \u2013 Vaga Efetiva com Sal\u00e1rio Competitivo e Benef\u00edcios Atrativos","datePublished":"2026-04-13T17:35:00+00:00","dateModified":"2026-04-13T17:35:09+00:00","mainEntityOfPage":{"@id":"https:\/\/thefundmentor.com\/abb937c7-2491-4951-8bb2-aefd51d75119\/"},"wordCount":512,"commentCount":0,"publisher":{"@id":"https:\/\/thefundmentor.com\/#organization"},"articleSection":["Hidden"],"inLanguage":"it-IT","potentialAction":[{"@type":"CommentAction","name":"Comment","target":["https:\/\/thefundmentor.com\/abb937c7-2491-4951-8bb2-aefd51d75119\/#respond"]}]},{"@type":"WebPage","@id":"https:\/\/thefundmentor.com\/abb937c7-2491-4951-8bb2-aefd51d75119\/","url":"https:\/\/thefundmentor.com\/abb937c7-2491-4951-8bb2-aefd51d75119\/","name":"Marceneiro \u2013 Vaga Efetiva com Sal\u00e1rio Competitivo e Benef\u00edcios Atrativos - The Fund Mentor","isPartOf":{"@id":"https:\/\/thefundmentor.com\/#website"},"datePublished":"2026-04-13T17:35:00+00:00","dateModified":"2026-04-13T17:35:09+00:00","breadcrumb":{"@id":"https:\/\/thefundmentor.com\/abb937c7-2491-4951-8bb2-aefd51d75119\/#breadcrumb"},"inLanguage":"it-IT","potentialAction":[{"@type":"ReadAction","target":["https:\/\/thefundmentor.com\/abb937c7-2491-4951-8bb2-aefd51d75119\/"]}]},{"@type":"BreadcrumbList","@id":"https:\/\/thefundmentor.com\/abb937c7-2491-4951-8bb2-aefd51d75119\/#breadcrumb","itemListElement":[{"@type":"ListItem","position":1,"name":"Home","item":"https:\/\/thefundmentor.com\/"},{"@type":"ListItem","position":2,"name":"Marceneiro \u2013 Vaga Efetiva com Sal\u00e1rio Competitivo e Benef\u00edcios Atrativos"}]},{"@type":"WebSite","@id":"https:\/\/thefundmentor.com\/#website","url":"https:\/\/thefundmentor.com\/","name":"The Fund Mentor","description":"","publisher":{"@id":"https:\/\/thefundmentor.com\/#organization"},"potentialAction":[{"@type":"SearchAction","target":{"@type":"EntryPoint","urlTemplate":"https:\/\/thefundmentor.com\/?s={search_term_string}"},"query-input":"required name=search_term_string"}],"inLanguage":"it-IT"},{"@type":"Organization","@id":"https:\/\/thefundmentor.com\/#organization","name":"The Fund Mentor","url":"https:\/\/thefundmentor.com\/","logo":{"@type":"ImageObject","inLanguage":"it-IT","@id":"https:\/\/thefundmentor.com\/#\/schema\/logo\/image\/","url":"https:\/\/thefundmentor.com\/wp-content\/uploads\/sites\/506\/2025\/11\/Logo-The-Fund-Mentor.png","contentUrl":"https:\/\/thefundmentor.com\/wp-content\/uploads\/sites\/506\/2025\/11\/Logo-The-Fund-Mentor.png","width":600,"height":600,"caption":"The Fund Mentor"},"image":{"@id":"https:\/\/thefundmentor.com\/#\/schema\/logo\/image\/"}},{"@type":"Person","@id":"https:\/\/thefundmentor.com\/#\/schema\/person\/d52888235fd6563bd07d97185d6a61e4","name":"Bruno Gianni","image":{"@type":"ImageObject","inLanguage":"it-IT","@id":"https:\/\/thefundmentor.com\/#\/schema\/person\/image\/","url":"https:\/\/secure.gravatar.com\/avatar\/0f5d42d7bf77874643c1478932860e3f?s=96&d=mm&r=g","contentUrl":"https:\/\/secure.gravatar.com\/avatar\/0f5d42d7bf77874643c1478932860e3f?s=96&d=mm&r=g","caption":"Bruno Gianni"},"description":"Bruno writes the way he lives, with curiosity, care, and respect for people. He likes to observe, listen, and try to understand what is happening on the other side before putting any words on the page.For him, writing is not about impressing, but about getting closer. It is about turning thoughts into something simple, clear, and real. Every text is an ongoing conversation, created with care and honesty, with the sincere intention of touching someone, somewhere along the way.","url":"https:\/\/thefundmentor.com\/it\/author\/bcgianni\/"}]}},"uagb_featured_image_src":{"full":false,"thumbnail":false,"medium":false,"medium_large":false,"large":false,"1536x1536":false,"2048x2048":false,"trp-custom-language-flag":false},"uagb_author_info":{"display_name":"Bruno Gianni","author_link":"https:\/\/thefundmentor.com\/it\/author\/bcgianni\/"},"uagb_comment_info":0,"uagb_excerpt":"Confira a vaga de Marceneiro em empresa s\u00f3lida, com sal\u00e1rio atrativo, benef\u00edcios como plano de sa\u00fade e refeit\u00f3rio, jornada est\u00e1vel e foco em manuten\u00e7\u00e3o e apoio operacional. Candidate-se j\u00e1!","_links":{"self":[{"href":"https:\/\/thefundmentor.com\/it\/wp-json\/wp\/v2\/posts\/54720"}],"collection":[{"href":"https:\/\/thefundmentor.com\/it\/wp-json\/wp\/v2\/posts"}],"about":[{"href":"https:\/\/thefundmentor.com\/it\/wp-json\/wp\/v2\/types\/post"}],"author":[{"embeddable":true,"href":"https:\/\/thefundmentor.com\/it\/wp-json\/wp\/v2\/users\/3"}],"replies":[{"embeddable":true,"href":"https:\/\/thefundmentor.com\/it\/wp-json\/wp\/v2\/comments?post=54720"}],"version-history":[{"count":1,"href":"https:\/\/thefundmentor.com\/it\/wp-json\/wp\/v2\/posts\/54720\/revisions"}],"predecessor-version":[{"id":54726,"href":"https:\/\/thefundmentor.com\/it\/wp-json\/wp\/v2\/posts\/54720\/revisions\/54726"}],"wp:attachment":[{"href":"https:\/\/thefundmentor.com\/it\/wp-json\/wp\/v2\/media?parent=54720"}],"wp:term":[{"taxonomy":"category","embeddable":true,"href":"https:\/\/thefundmentor.com\/it\/wp-json\/wp\/v2\/categories?post=54720"},{"taxonomy":"post_tag","embeddable":true,"href":"https:\/\/thefundmentor.com\/it\/wp-json\/wp\/v2\/tags?post=54720"}],"curies":[{"name":"wp","href":"https:\/\/api.w.org\/{rel}","templated":true}]}}