{"id":17907,"date":"2026-02-02T22:41:00","date_gmt":"2026-02-02T22:41:00","guid":{"rendered":"https:\/\/thefundmentor.com\/4441843f-f006-4185-ae86-4e7b5eb35407\/"},"modified":"2026-02-02T22:41:35","modified_gmt":"2026-02-02T22:41:35","slug":"4441843f-f006-4185-ae86-4e7b5eb35407","status":"publish","type":"post","link":"https:\/\/thefundmentor.com\/it\/4441843f-f006-4185-ae86-4e7b5eb35407\/","title":{"rendered":"Poste de coiffure \u00e0 pourvoir : Flexibilit\u00e9, cadre tendance et \u00e9volution"},"content":{"rendered":"<\/p>\n<\/p>\n<div style=\"background: #ffffff; border-radius: 12px; box-shadow: 0 10px 30px rgba(0, 0, 0, 0.1); width: 100%; max-width: 340px; padding: 25px; transition: transform 0.3s ease-in-out; overflow: visible; display: flex; flex-direction: column; position: relative; border: 1px solid #28a745; margin-top: 70px; margin-bottom: 50px; margin-left: auto; margin-right: auto;\">\n<div style=\"position: absolute; top: -35px; right: 15px; color: #28a745; padding: 5px 10px; border-radius: 6px; font-size: 14px; font-weight: bold; display: flex; align-items: center; z-index: 10;\">Consigliato per voi<\/div>\n<div data-namespace-header=\"\" style=\"\">\n<h3 data-namespace-title=\"\" style=\"color: #333; font-size: 20px; font-weight: bold; text-align: left; margin-right: 50px; min-height: 50px; margin-top: 0px;\">Coiffeur(se)<\/h3>\n<\/p><\/div>\n<p data-namespace-prompt=\"\" style=\"font-size: 16px; color: #666; margin-bottom: 20px; line-height: 1.5; flex-grow: 1; text-align: left; margin-top: 0px;\">Ce poste de coiffure offre un environnement moderne, \u00e9quipes dynamiques, missions vari\u00e9es et \u00e9volutives, flexibilit\u00e9 du planning et possibilit\u00e9s de formation continue.<\/p>\n<p>    <a data-namespace-url=\"\" href=\"https:\/\/thefundmentor.com\/it\/redirect\/?https:\/\/www.glassdoor.fr\/job-listing\/poste-de-coiffure-\u00e0-pourvoir-dans-le-haut-marais-paris-3e-coiffure-artley-JV_IC2881970_KO0,57_KE58,73.htm?jl=1010002656974&#038;utm_campaign=google_jobs_apply&#038;utm_source=google_jobs_apply&#038;utm_medium=organic\" style=\"width: 100%; display: inline-block; color: white; text-decoration: none; border-radius: 6px; font-size: 16px; font-weight: bold; text-align: center; transition: transform 0.3s ease, background 0.3s ease; margin-top: auto;\" data-namespace-id=\"5c0d2565-3ba9-4280-a382-ad2a691e2285\"><br \/>\n        <button style=\"width: 100%; height: 55px; background: #e9e9ed; border: 1px solid black; color: black;\">Postuler \u00e0 l&#039;offre<\/button><br \/>\n    <\/a><br \/>\n    <small style=\"margin-top: 10px; color: #777; font-size: 12px; text-align: center; display: block;\">Vous serez redirig\u00e9 vers un altro sito<\/small>\n<\/div>\n<h2>Presentazione del posto<\/h2>\n<p>Le poste de coiffeur(se) \u00e0 pourvoir promet un environnement de travail moderne, entour\u00e9 d\u2019une \u00e9quipe dynamique.<\/p>\n<p>La r\u00e9mun\u00e9ration n\u2019est pas pr\u00e9cis\u00e9e mais l\u2019environnement haut de gamme laisse esp\u00e9rer une grille attractive selon l\u2019exp\u00e9rience.<\/p>\n<p>Ce CDI met en avant la flexibilit\u00e9 du planning, id\u00e9al pour allier vie professionnelle et personnelle.<\/p>\n<p>Vous \u00e9voluerez dans un salon du Haut Marais, reconnu pour ses clients vari\u00e9s et une demande exigeante.<\/p>\n<p>L\u2019accent est mis sur le d\u00e9veloppement professionnel au sein du salon.<\/p>\n<h2>Vos responsabilit\u00e9s au quotidien<\/h2>\n<p>La mission inclut l\u2019accueil des clients, la r\u00e9alisation de coupes adapt\u00e9es et de colorations modernes.<\/p>\n<p>Vous conseillez chaque client de fa\u00e7on personnalis\u00e9e afin d\u2019optimiser leur exp\u00e9rience.<\/p>\n<p>La veille sur les tendances et la participation \u00e0 la formation continue font partie du quotidien.<\/p>\n<p>Le soin apport\u00e9 au mat\u00e9riel et \u00e0 la propret\u00e9 du salon constitue aussi un point cl\u00e9.<\/p>\n<p>Enfin, vous participez \u00e0 l\u2019animation de la vie du salon et \u00e0 l\u2019esprit d\u2019\u00e9quipe.<\/p>\n<h2>Points forts du poste<\/h2>\n<p>Le cadre de travail, \u00e0 la fois branch\u00e9 et professionnel, est un grand atout pour ce poste.<\/p>\n<p>La possibilit\u00e9 de suivre des formations r\u00e9guli\u00e8res favorise la mont\u00e9e en comp\u00e9tences techniques.<\/p>\n<p>La gestion du temps souple permet de concilier vie priv\u00e9e et vie professionnelle sans difficult\u00e9 aucune.<\/p>\n<p>L\u2019acc\u00e8s \u00e0 une client\u00e8le fid\u00e8le garantit un quotidien vari\u00e9 et stimulant.<\/p>\n<p>L\u2019int\u00e9gration \u00e0 une \u00e9quipe motiv\u00e9e et soud\u00e9e renforce le sentiment d\u2019appartenance.<\/p>\n<h2>Quelques limites \u00e0 consid\u00e9rer<\/h2>\n<p>L\u2019exigence \u00e9lev\u00e9e de la client\u00e8le peut exiger une forte capacit\u00e9 d\u2019adaptation.<\/p>\n<p>La ponctualit\u00e9 et la rigueur sont demand\u00e9es pour maintenir la r\u00e9putation du salon.<\/p>\n<p>Les rushs en fin de journ\u00e9e peuvent entra\u00eener du stress au sein de l\u2019\u00e9quipe.<\/p>\n<p>Les formations continues, bien qu\u2019efficaces, repr\u00e9sentent parfois un investissement personnel hors horaires habituels.<\/p>\n<p>La polyvalence attendue exige de ne jamais baisser la garde ni la motivation.<\/p>\n<h2>Verdict global<\/h2>\n<p>Ce poste de coiffeur(se) se d\u00e9marque par un cadre inspirant et moderne ainsi que de belles perspectives d\u2019\u00e9volution.<\/p>\n<p>Il convient parfaitement \u00e0 des profils cr\u00e9atifs \u00e0 la recherche de nouveaux challenges.<\/p>\n<p>L\u2019\u00e9quilibre entre autonomie et esprit d\u2019\u00e9quipe en fait une opportunit\u00e9 enrichissante.<\/p>\n<p>Pour des candidats passionn\u00e9s par la coiffure et d\u00e9sireux de s\u2019investir sur le long terme, ce poste est \u00e0 consid\u00e9rer s\u00e9rieusement.<\/p>\n<p>C\u2019est l\u2019occasion de progresser dans le secteur tout en d\u00e9veloppant son expertise et son r\u00e9seau.<\/p>\n<div style=\"background: #ffffff; border-radius: 12px; box-shadow: 0 10px 30px rgba(0, 0, 0, 0.1); width: 100%; max-width: 340px; padding: 25px; transition: transform 0.3s ease-in-out; overflow: visible; display: flex; flex-direction: column; position: relative; border: 1px solid #28a745; margin-top: 70px; margin-bottom: 50px; margin-left: auto; margin-right: auto;\">\n<div style=\"position: absolute; top: -35px; right: 15px; color: #28a745; padding: 5px 10px; border-radius: 6px; font-size: 14px; font-weight: bold; display: flex; align-items: center; z-index: 10;\">Consigliato per voi<\/div>\n<div data-namespace-header=\"\" style=\"\">\n<h3 data-namespace-title=\"\" style=\"color: #333; font-size: 20px; font-weight: bold; text-align: left; margin-right: 50px; min-height: 50px; margin-top: 0px;\">Coiffeur(se)<\/h3>\n<\/p><\/div>\n<p data-namespace-prompt=\"\" style=\"font-size: 16px; color: #666; margin-bottom: 20px; line-height: 1.5; flex-grow: 1; text-align: left; margin-top: 0px;\">Ce poste de coiffure offre un environnement moderne, \u00e9quipes dynamiques, missions vari\u00e9es et \u00e9volutives, flexibilit\u00e9 du planning et possibilit\u00e9s de formation continue.<\/p>\n<p>    <a data-namespace-url=\"\" href=\"https:\/\/thefundmentor.com\/it\/redirect\/?https:\/\/www.glassdoor.fr\/job-listing\/poste-de-coiffure-\u00e0-pourvoir-dans-le-haut-marais-paris-3e-coiffure-artley-JV_IC2881970_KO0,57_KE58,73.htm?jl=1010002656974&#038;utm_campaign=google_jobs_apply&#038;utm_source=google_jobs_apply&#038;utm_medium=organic\" style=\"width: 100%; display: inline-block; color: white; text-decoration: none; border-radius: 6px; font-size: 16px; font-weight: bold; text-align: center; transition: transform 0.3s ease, background 0.3s ease; margin-top: auto;\" data-namespace-id=\"5c0d2565-3ba9-4280-a382-ad2a691e2285\"><br \/>\n        <button style=\"width: 100%; height: 55px; background: #e9e9ed; border: 1px solid black; color: black;\">Postuler \u00e0 l&#039;offre<\/button><br \/>\n    <\/a><br \/>\n    <small style=\"margin-top: 10px; color: #777; font-size: 12px; text-align: center; display: block;\">Vous serez redirig\u00e9 vers un altro sito<\/small>\n<\/div>","protected":false},"excerpt":{"rendered":"<p>Ce poste de coiffeur(se) propose missions vari\u00e9es, cadre moderne, \u00e9quipe dynamique et possibilit\u00e9 de formation continue. Un vrai tremplin pour \u00e9voluer dans le secteur beaut\u00e9. Postulez facilement ici !<\/p>","protected":false},"author":3,"featured_media":0,"comment_status":"open","ping_status":"open","sticky":false,"template":"","format":"standard","meta":{"_uag_custom_page_level_css":"","site-sidebar-layout":"default","site-content-layout":"","ast-site-content-layout":"","site-content-style":"default","site-sidebar-style":"default","ast-global-header-display":"","ast-banner-title-visibility":"","ast-main-header-display":"","ast-hfb-above-header-display":"","ast-hfb-below-header-display":"","ast-hfb-mobile-header-display":"","site-post-title":"","ast-breadcrumbs-content":"","ast-featured-img":"","footer-sml-layout":"","theme-transparent-header-meta":"","adv-header-id-meta":"","stick-header-meta":"","header-above-stick-meta":"","header-main-stick-meta":"","header-below-stick-meta":"","astra-migrate-meta-layouts":"default","ast-page-background-enabled":"default","ast-page-background-meta":{"desktop":{"background-color":"var(--ast-global-color-4)","background-image":"","background-repeat":"repeat","background-position":"center center","background-size":"auto","background-attachment":"scroll","background-type":"","background-media":"","overlay-type":"","overlay-color":"","overlay-opacity":"","overlay-gradient":""},"tablet":{"background-color":"","background-image":"","background-repeat":"repeat","background-position":"center center","background-size":"auto","background-attachment":"scroll","background-type":"","background-media":"","overlay-type":"","overlay-color":"","overlay-opacity":"","overlay-gradient":""},"mobile":{"background-color":"","background-image":"","background-repeat":"repeat","background-position":"center center","background-size":"auto","background-attachment":"scroll","background-type":"","background-media":"","overlay-type":"","overlay-color":"","overlay-opacity":"","overlay-gradient":""}},"ast-content-background-meta":{"desktop":{"background-color":"var(--ast-global-color-5)","background-image":"","background-repeat":"repeat","background-position":"center center","background-size":"auto","background-attachment":"scroll","background-type":"","background-media":"","overlay-type":"","overlay-color":"","overlay-opacity":"","overlay-gradient":""},"tablet":{"background-color":"var(--ast-global-color-5)","background-image":"","background-repeat":"repeat","background-position":"center center","background-size":"auto","background-attachment":"scroll","background-type":"","background-media":"","overlay-type":"","overlay-color":"","overlay-opacity":"","overlay-gradient":""},"mobile":{"background-color":"var(--ast-global-color-5)","background-image":"","background-repeat":"repeat","background-position":"center center","background-size":"auto","background-attachment":"scroll","background-type":"","background-media":"","overlay-type":"","overlay-color":"","overlay-opacity":"","overlay-gradient":""}},"footnotes":""},"categories":[9],"tags":[],"yoast_head":"<!-- This site is optimized with the Yoast SEO plugin v23.3 - https:\/\/yoast.com\/wordpress\/plugins\/seo\/ -->\n<title>Poste de coiffure \u00e0 pourvoir : Flexibilit\u00e9, cadre tendance et \u00e9volution - The Fund Mentor<\/title>\n<meta name=\"robots\" content=\"index, follow, max-snippet:-1, max-image-preview:large, max-video-preview:-1\" \/>\n<link rel=\"canonical\" href=\"https:\/\/thefundmentor.com\/it\/4441843f-f006-4185-ae86-4e7b5eb35407\/\" \/>\n<meta property=\"og:locale\" content=\"it_IT\" \/>\n<meta property=\"og:type\" content=\"article\" \/>\n<meta property=\"og:title\" content=\"Poste de coiffure \u00e0 pourvoir : Flexibilit\u00e9, cadre tendance et \u00e9volution - The Fund Mentor\" \/>\n<meta property=\"og:description\" content=\"Ce poste de coiffeur(se) propose missions vari\u00e9es, cadre moderne, \u00e9quipe dynamique et possibilit\u00e9 de formation continue. Un vrai tremplin pour \u00e9voluer dans le secteur beaut\u00e9. Postulez facilement ici !\" \/>\n<meta property=\"og:url\" content=\"https:\/\/thefundmentor.com\/it\/4441843f-f006-4185-ae86-4e7b5eb35407\/\" \/>\n<meta property=\"og:site_name\" content=\"The Fund Mentor\" \/>\n<meta property=\"article:published_time\" content=\"2026-02-02T22:41:00+00:00\" \/>\n<meta property=\"article:modified_time\" content=\"2026-02-02T22:41:35+00:00\" \/>\n<meta name=\"author\" content=\"Bruno Gianni\" \/>\n<meta name=\"twitter:card\" content=\"summary_large_image\" \/>\n<meta name=\"twitter:label1\" content=\"Written by\" \/>\n\t<meta name=\"twitter:data1\" content=\"Bruno Gianni\" \/>\n\t<meta name=\"twitter:label2\" content=\"Est. reading time\" \/>\n\t<meta name=\"twitter:data2\" content=\"3 minuti\" \/>\n<script type=\"application\/ld+json\" class=\"yoast-schema-graph\">{\"@context\":\"https:\/\/schema.org\",\"@graph\":[{\"@type\":\"Article\",\"@id\":\"https:\/\/thefundmentor.com\/4441843f-f006-4185-ae86-4e7b5eb35407\/#article\",\"isPartOf\":{\"@id\":\"https:\/\/thefundmentor.com\/4441843f-f006-4185-ae86-4e7b5eb35407\/\"},\"author\":{\"name\":\"Bruno Gianni\",\"@id\":\"https:\/\/thefundmentor.com\/#\/schema\/person\/d52888235fd6563bd07d97185d6a61e4\"},\"headline\":\"Poste de coiffure \u00e0 pourvoir : Flexibilit\u00e9, cadre tendance et \u00e9volution\",\"datePublished\":\"2026-02-02T22:41:00+00:00\",\"dateModified\":\"2026-02-02T22:41:35+00:00\",\"mainEntityOfPage\":{\"@id\":\"https:\/\/thefundmentor.com\/4441843f-f006-4185-ae86-4e7b5eb35407\/\"},\"wordCount\":520,\"commentCount\":0,\"publisher\":{\"@id\":\"https:\/\/thefundmentor.com\/#organization\"},\"articleSection\":[\"Hidden\"],\"inLanguage\":\"it-IT\",\"potentialAction\":[{\"@type\":\"CommentAction\",\"name\":\"Comment\",\"target\":[\"https:\/\/thefundmentor.com\/4441843f-f006-4185-ae86-4e7b5eb35407\/#respond\"]}]},{\"@type\":\"WebPage\",\"@id\":\"https:\/\/thefundmentor.com\/4441843f-f006-4185-ae86-4e7b5eb35407\/\",\"url\":\"https:\/\/thefundmentor.com\/4441843f-f006-4185-ae86-4e7b5eb35407\/\",\"name\":\"Poste de coiffure \u00e0 pourvoir : Flexibilit\u00e9, cadre tendance et \u00e9volution - The Fund Mentor\",\"isPartOf\":{\"@id\":\"https:\/\/thefundmentor.com\/#website\"},\"datePublished\":\"2026-02-02T22:41:00+00:00\",\"dateModified\":\"2026-02-02T22:41:35+00:00\",\"breadcrumb\":{\"@id\":\"https:\/\/thefundmentor.com\/4441843f-f006-4185-ae86-4e7b5eb35407\/#breadcrumb\"},\"inLanguage\":\"it-IT\",\"potentialAction\":[{\"@type\":\"ReadAction\",\"target\":[\"https:\/\/thefundmentor.com\/4441843f-f006-4185-ae86-4e7b5eb35407\/\"]}]},{\"@type\":\"BreadcrumbList\",\"@id\":\"https:\/\/thefundmentor.com\/4441843f-f006-4185-ae86-4e7b5eb35407\/#breadcrumb\",\"itemListElement\":[{\"@type\":\"ListItem\",\"position\":1,\"name\":\"Home\",\"item\":\"https:\/\/thefundmentor.com\/\"},{\"@type\":\"ListItem\",\"position\":2,\"name\":\"Poste de coiffure \u00e0 pourvoir : Flexibilit\u00e9, cadre tendance et \u00e9volution\"}]},{\"@type\":\"WebSite\",\"@id\":\"https:\/\/thefundmentor.com\/#website\",\"url\":\"https:\/\/thefundmentor.com\/\",\"name\":\"The Fund Mentor\",\"description\":\"\",\"publisher\":{\"@id\":\"https:\/\/thefundmentor.com\/#organization\"},\"potentialAction\":[{\"@type\":\"SearchAction\",\"target\":{\"@type\":\"EntryPoint\",\"urlTemplate\":\"https:\/\/thefundmentor.com\/?s={search_term_string}\"},\"query-input\":\"required name=search_term_string\"}],\"inLanguage\":\"it-IT\"},{\"@type\":\"Organization\",\"@id\":\"https:\/\/thefundmentor.com\/#organization\",\"name\":\"The Fund Mentor\",\"url\":\"https:\/\/thefundmentor.com\/\",\"logo\":{\"@type\":\"ImageObject\",\"inLanguage\":\"it-IT\",\"@id\":\"https:\/\/thefundmentor.com\/#\/schema\/logo\/image\/\",\"url\":\"https:\/\/thefundmentor.com\/wp-content\/uploads\/sites\/506\/2025\/11\/Logo-The-Fund-Mentor.png\",\"contentUrl\":\"https:\/\/thefundmentor.com\/wp-content\/uploads\/sites\/506\/2025\/11\/Logo-The-Fund-Mentor.png\",\"width\":600,\"height\":600,\"caption\":\"The Fund Mentor\"},\"image\":{\"@id\":\"https:\/\/thefundmentor.com\/#\/schema\/logo\/image\/\"}},{\"@type\":\"Person\",\"@id\":\"https:\/\/thefundmentor.com\/#\/schema\/person\/d52888235fd6563bd07d97185d6a61e4\",\"name\":\"Bruno Gianni\",\"image\":{\"@type\":\"ImageObject\",\"inLanguage\":\"it-IT\",\"@id\":\"https:\/\/thefundmentor.com\/#\/schema\/person\/image\/\",\"url\":\"https:\/\/secure.gravatar.com\/avatar\/0f5d42d7bf77874643c1478932860e3f?s=96&d=mm&r=g\",\"contentUrl\":\"https:\/\/secure.gravatar.com\/avatar\/0f5d42d7bf77874643c1478932860e3f?s=96&d=mm&r=g\",\"caption\":\"Bruno Gianni\"},\"description\":\"Bruno writes the way he lives, with curiosity, care, and respect for people. He likes to observe, listen, and try to understand what is happening on the other side before putting any words on the page.For him, writing is not about impressing, but about getting closer. It is about turning thoughts into something simple, clear, and real. Every text is an ongoing conversation, created with care and honesty, with the sincere intention of touching someone, somewhere along the way.\",\"url\":\"https:\/\/thefundmentor.com\/it\/author\/bcgianni\/\"}]}<\/script>\n<!-- \/ Yoast SEO plugin. -->","yoast_head_json":{"title":"Poste de coiffure \u00e0 pourvoir : Flexibilit\u00e9, cadre tendance et \u00e9volution - The Fund Mentor","robots":{"index":"index","follow":"follow","max-snippet":"max-snippet:-1","max-image-preview":"max-image-preview:large","max-video-preview":"max-video-preview:-1"},"canonical":"https:\/\/thefundmentor.com\/it\/4441843f-f006-4185-ae86-4e7b5eb35407\/","og_locale":"it_IT","og_type":"article","og_title":"Poste de coiffure \u00e0 pourvoir : Flexibilit\u00e9, cadre tendance et \u00e9volution - The Fund Mentor","og_description":"Ce poste de coiffeur(se) propose missions vari\u00e9es, cadre moderne, \u00e9quipe dynamique et possibilit\u00e9 de formation continue. Un vrai tremplin pour \u00e9voluer dans le secteur beaut\u00e9. Postulez facilement ici !","og_url":"https:\/\/thefundmentor.com\/it\/4441843f-f006-4185-ae86-4e7b5eb35407\/","og_site_name":"The Fund Mentor","article_published_time":"2026-02-02T22:41:00+00:00","article_modified_time":"2026-02-02T22:41:35+00:00","author":"Bruno Gianni","twitter_card":"summary_large_image","twitter_misc":{"Written by":"Bruno Gianni","Est. reading time":"3 minuti"},"schema":{"@context":"https:\/\/schema.org","@graph":[{"@type":"Article","@id":"https:\/\/thefundmentor.com\/4441843f-f006-4185-ae86-4e7b5eb35407\/#article","isPartOf":{"@id":"https:\/\/thefundmentor.com\/4441843f-f006-4185-ae86-4e7b5eb35407\/"},"author":{"name":"Bruno Gianni","@id":"https:\/\/thefundmentor.com\/#\/schema\/person\/d52888235fd6563bd07d97185d6a61e4"},"headline":"Poste de coiffure \u00e0 pourvoir : Flexibilit\u00e9, cadre tendance et \u00e9volution","datePublished":"2026-02-02T22:41:00+00:00","dateModified":"2026-02-02T22:41:35+00:00","mainEntityOfPage":{"@id":"https:\/\/thefundmentor.com\/4441843f-f006-4185-ae86-4e7b5eb35407\/"},"wordCount":520,"commentCount":0,"publisher":{"@id":"https:\/\/thefundmentor.com\/#organization"},"articleSection":["Hidden"],"inLanguage":"it-IT","potentialAction":[{"@type":"CommentAction","name":"Comment","target":["https:\/\/thefundmentor.com\/4441843f-f006-4185-ae86-4e7b5eb35407\/#respond"]}]},{"@type":"WebPage","@id":"https:\/\/thefundmentor.com\/4441843f-f006-4185-ae86-4e7b5eb35407\/","url":"https:\/\/thefundmentor.com\/4441843f-f006-4185-ae86-4e7b5eb35407\/","name":"Poste de coiffure \u00e0 pourvoir : Flexibilit\u00e9, cadre tendance et \u00e9volution - The Fund Mentor","isPartOf":{"@id":"https:\/\/thefundmentor.com\/#website"},"datePublished":"2026-02-02T22:41:00+00:00","dateModified":"2026-02-02T22:41:35+00:00","breadcrumb":{"@id":"https:\/\/thefundmentor.com\/4441843f-f006-4185-ae86-4e7b5eb35407\/#breadcrumb"},"inLanguage":"it-IT","potentialAction":[{"@type":"ReadAction","target":["https:\/\/thefundmentor.com\/4441843f-f006-4185-ae86-4e7b5eb35407\/"]}]},{"@type":"BreadcrumbList","@id":"https:\/\/thefundmentor.com\/4441843f-f006-4185-ae86-4e7b5eb35407\/#breadcrumb","itemListElement":[{"@type":"ListItem","position":1,"name":"Home","item":"https:\/\/thefundmentor.com\/"},{"@type":"ListItem","position":2,"name":"Poste de coiffure \u00e0 pourvoir : Flexibilit\u00e9, cadre tendance et \u00e9volution"}]},{"@type":"WebSite","@id":"https:\/\/thefundmentor.com\/#website","url":"https:\/\/thefundmentor.com\/","name":"The Fund Mentor","description":"","publisher":{"@id":"https:\/\/thefundmentor.com\/#organization"},"potentialAction":[{"@type":"SearchAction","target":{"@type":"EntryPoint","urlTemplate":"https:\/\/thefundmentor.com\/?s={search_term_string}"},"query-input":"required name=search_term_string"}],"inLanguage":"it-IT"},{"@type":"Organization","@id":"https:\/\/thefundmentor.com\/#organization","name":"The Fund Mentor","url":"https:\/\/thefundmentor.com\/","logo":{"@type":"ImageObject","inLanguage":"it-IT","@id":"https:\/\/thefundmentor.com\/#\/schema\/logo\/image\/","url":"https:\/\/thefundmentor.com\/wp-content\/uploads\/sites\/506\/2025\/11\/Logo-The-Fund-Mentor.png","contentUrl":"https:\/\/thefundmentor.com\/wp-content\/uploads\/sites\/506\/2025\/11\/Logo-The-Fund-Mentor.png","width":600,"height":600,"caption":"The Fund Mentor"},"image":{"@id":"https:\/\/thefundmentor.com\/#\/schema\/logo\/image\/"}},{"@type":"Person","@id":"https:\/\/thefundmentor.com\/#\/schema\/person\/d52888235fd6563bd07d97185d6a61e4","name":"Bruno Gianni","image":{"@type":"ImageObject","inLanguage":"it-IT","@id":"https:\/\/thefundmentor.com\/#\/schema\/person\/image\/","url":"https:\/\/secure.gravatar.com\/avatar\/0f5d42d7bf77874643c1478932860e3f?s=96&d=mm&r=g","contentUrl":"https:\/\/secure.gravatar.com\/avatar\/0f5d42d7bf77874643c1478932860e3f?s=96&d=mm&r=g","caption":"Bruno Gianni"},"description":"Bruno writes the way he lives, with curiosity, care, and respect for people. He likes to observe, listen, and try to understand what is happening on the other side before putting any words on the page.For him, writing is not about impressing, but about getting closer. It is about turning thoughts into something simple, clear, and real. Every text is an ongoing conversation, created with care and honesty, with the sincere intention of touching someone, somewhere along the way.","url":"https:\/\/thefundmentor.com\/it\/author\/bcgianni\/"}]}},"uagb_featured_image_src":{"full":false,"thumbnail":false,"medium":false,"medium_large":false,"large":false,"1536x1536":false,"2048x2048":false,"trp-custom-language-flag":false},"uagb_author_info":{"display_name":"Bruno Gianni","author_link":"https:\/\/thefundmentor.com\/it\/author\/bcgianni\/"},"uagb_comment_info":0,"uagb_excerpt":"Ce poste de coiffeur(se) propose missions vari\u00e9es, cadre moderne, \u00e9quipe dynamique et possibilit\u00e9 de formation continue. Un vrai tremplin pour \u00e9voluer dans le secteur beaut\u00e9. Postulez facilement ici !","_links":{"self":[{"href":"https:\/\/thefundmentor.com\/it\/wp-json\/wp\/v2\/posts\/17907"}],"collection":[{"href":"https:\/\/thefundmentor.com\/it\/wp-json\/wp\/v2\/posts"}],"about":[{"href":"https:\/\/thefundmentor.com\/it\/wp-json\/wp\/v2\/types\/post"}],"author":[{"embeddable":true,"href":"https:\/\/thefundmentor.com\/it\/wp-json\/wp\/v2\/users\/3"}],"replies":[{"embeddable":true,"href":"https:\/\/thefundmentor.com\/it\/wp-json\/wp\/v2\/comments?post=17907"}],"version-history":[{"count":1,"href":"https:\/\/thefundmentor.com\/it\/wp-json\/wp\/v2\/posts\/17907\/revisions"}],"predecessor-version":[{"id":17913,"href":"https:\/\/thefundmentor.com\/it\/wp-json\/wp\/v2\/posts\/17907\/revisions\/17913"}],"wp:attachment":[{"href":"https:\/\/thefundmentor.com\/it\/wp-json\/wp\/v2\/media?parent=17907"}],"wp:term":[{"taxonomy":"category","embeddable":true,"href":"https:\/\/thefundmentor.com\/it\/wp-json\/wp\/v2\/categories?post=17907"},{"taxonomy":"post_tag","embeddable":true,"href":"https:\/\/thefundmentor.com\/it\/wp-json\/wp\/v2\/tags?post=17907"}],"curies":[{"name":"wp","href":"https:\/\/api.w.org\/{rel}","templated":true}]}}