{"id":17332,"date":"2026-02-01T22:19:00","date_gmt":"2026-02-01T22:19:00","guid":{"rendered":"https:\/\/thefundmentor.com\/f7da6a53-91d1-40fb-a9e8-d32dfa615b32\/"},"modified":"2026-02-01T22:19:59","modified_gmt":"2026-02-01T22:19:59","slug":"f7da6a53-91d1-40fb-a9e8-d32dfa615b32","status":"publish","type":"post","link":"https:\/\/thefundmentor.com\/it\/f7da6a53-91d1-40fb-a9e8-d32dfa615b32\/","title":{"rendered":"Terapia da Fala \u2013 Vaga com foco em Interven\u00e7\u00e3o Precoce e Aprendizagem Cont\u00ednua"},"content":{"rendered":"<\/p>\n<\/p>\n<div style=\"background: #ffffff; border-radius: 12px; box-shadow: 0 10px 30px rgba(0, 0, 0, 0.1); width: 100%; max-width: 340px; padding: 25px; transition: transform 0.3s ease-in-out; overflow: visible; display: flex; flex-direction: column; position: relative; border: 1px solid #28a745; margin-top: 70px; margin-bottom: 50px; margin-left: auto; margin-right: auto;\">\n<div style=\"position: absolute; top: -35px; right: 15px; color: #28a745; padding: 5px 10px; border-radius: 6px; font-size: 14px; font-weight: bold; display: flex; align-items: center; z-index: 10;\">Recomendado para si<\/div>\n<div data-namespace-header=\"\" style=\"\">\n<h3 data-namespace-title=\"\" style=\"color: #333; font-size: 20px; font-weight: bold; text-align: left; margin-right: 50px; min-height: 50px; margin-top: 0px;\">Terapia da Fala<\/h3>\n<\/p><\/div>\n<p data-namespace-prompt=\"\" style=\"font-size: 16px; color: #666; margin-bottom: 20px; line-height: 1.5; flex-grow: 1; text-align: left; margin-top: 0px;\">Vaga destinada a terapeutas da fala dedicados \u00e0 interven\u00e7\u00e3o precoce, com prefer\u00eancia por experi\u00eancia em defici\u00eancia visual e multidefici\u00eancia. Entrada imediata, equipa colaborativa, valoriza\u00e7\u00e3o da aprendizagem cont\u00ednua.<\/p>\n<p>    <a data-namespace-url=\"\" href=\"https:\/\/thefundmentor.com\/it\/redirect\/?https:\/\/www.net-empregos.com\/14921220\/terapia-da-fala\/?utm_campaign=google_jobs_apply&#038;utm_source=google_jobs_apply&#038;utm_medium=organic\" style=\"width: 100%; display: inline-block; color: white; text-decoration: none; border-radius: 6px; font-size: 16px; font-weight: bold; text-align: center; transition: transform 0.3s ease, background 0.3s ease; margin-top: auto;\" data-namespace-id=\"5c0d2565-3ba9-4280-a382-ad2a691e2285\"><br \/>\n        <button style=\"width: 100%; height: 55px; background: #e9e9ed; border: 1px solid black; color: black;\">Candidatar-se \u00e0 oferta<\/button><br \/>\n    <\/a><br \/>\n    <small style=\"margin-top: 10px; color: #777; font-size: 12px; text-align: center; display: block;\">Sar\u00e0 reindirizzato all&#039;altro sito<\/small>\n<\/div>\n<h2>Oportunidade de emprego para Terapeuta da Fala<\/h2>\n<p>Esta oferta de emprego destaca-se pela sua vertente desafiante e pela possibilidade de integrar uma equipa focada na interven\u00e7\u00e3o precoce. O empregador procura profissionais motivados com disponibilidade imediata. As condi\u00e7\u00f5es salariais e o tipo de contrato n\u00e3o foram divulgados, embora se valorizem compet\u00eancias s\u00f3lidas.<\/p>\n<p>Entre os requisitos, destaca-se a experi\u00eancia comprovada em interven\u00e7\u00e3o precoce, sobretudo em contextos de defici\u00eancia visual ou multidefici\u00eancia, preferencialmente na faixa et\u00e1ria dos 0 aos 6 anos.<\/p>\n<p>A fun\u00e7\u00e3o exige compet\u00eancias de trabalho em equipa, relacionamento interpessoal e um forte sentido de responsabilidade. Valoriza-se ainda a capacidade para a aprendizagem cont\u00ednua e a organiza\u00e7\u00e3o pessoal.<\/p>\n<p>Para responder \u00e0s exig\u00eancias do cargo, \u00e9 fundamental ter carta de condu\u00e7\u00e3o, viatura pr\u00f3pria, conhecimentos de ingl\u00eas e disponibilidade para desloca\u00e7\u00f5es frequentes.<\/p>\n<p>Os candidatos que cumpram estes requisitos aumentar\u00e3o significativamente as hip\u00f3teses de integra\u00e7\u00e3o na institui\u00e7\u00e3o. \u00c9 uma posi\u00e7\u00e3o que oferece crescimento profissional e estabilidade futura.<\/p>\n<h2>Responsabilidades di\u00e1rias e contexto da fun\u00e7\u00e3o<\/h2>\n<p>O terapeuta da fala selecionado ir\u00e1 participar de a\u00e7\u00f5es de interven\u00e7\u00e3o precoce orientadas a crian\u00e7as dos 0 aos 6 anos com defici\u00eancia visual e\/ou multidefici\u00eancia.<\/p>\n<p>O acompanhamento envolve a avalia\u00e7\u00e3o e apoio comunicacional, motor e cognitivo das crian\u00e7as em colabora\u00e7\u00e3o com fam\u00edlias e outros profissionais.<\/p>\n<p>O profissional ser\u00e1 parte integrante de uma equipa multidisciplinar, promovendo interven\u00e7\u00f5es personalizadas e adaptadas \u00e0s necessidades de cada crian\u00e7a.<\/p>\n<p>As desloca\u00e7\u00f5es a diferentes contextos \u2013 domiciliares, institucionais ou comunit\u00e1rios \u2013 far\u00e3o parte das rotinas, refor\u00e7ando o papel ativo do terapeuta junto da comunidade.<\/p>\n<p>Adicionalmente, contribu\u00edra para a elabora\u00e7\u00e3o de relat\u00f3rios, reuni\u00f5es de equipa e a\u00e7\u00f5es de forma\u00e7\u00e3o, promovendo o desenvolvimento cont\u00ednuo das boas pr\u00e1ticas na \u00e1rea.<\/p>\n<h2>Vantagens da vaga<\/h2>\n<p>Uma das principais vantagens desta oportunidade \u00e9 a experi\u00eancia enriquecedora proporcionada pela interven\u00e7\u00e3o em contexto multidisciplinar junto de crian\u00e7as e fam\u00edlias.<\/p>\n<p>A valoriza\u00e7\u00e3o da aprendizagem cont\u00ednua permite ao candidato crescer e atualizar compet\u00eancias, potenciando o desenvolvimento da carreira.<\/p>\n<h2>Svantaggi da considerare<\/h2>\n<p>Uma das principais desvantagens pode estar relacionada com a necessidade de desloca\u00e7\u00e3o regular, o que exige disponibilidade pessoal e viatura pr\u00f3pria.<\/p>\n<p>A aus\u00eancia de detalhes sobre remunera\u00e7\u00e3o e tipo de contrato pode obrigar a um contacto pr\u00e9vio para esclarecer essas condi\u00e7\u00f5es antes de aceitar um eventual convite.<\/p>\n<h2>Veredito Final<\/h2>\n<p>Esta oferta de Terapeuta da Fala \u00e9 indicada para quem procura desenvolver compet\u00eancias em interven\u00e7\u00e3o precoce num ambiente profissional dedicado e colaborativo. Os requisitos elevados filtram os candidatos mais motivados e preparados, elevando as perspetivas de sucesso para quem entrar nesta equipa.<\/p>\n<div style=\"background: #ffffff; border-radius: 12px; box-shadow: 0 10px 30px rgba(0, 0, 0, 0.1); width: 100%; max-width: 340px; padding: 25px; transition: transform 0.3s ease-in-out; overflow: visible; display: flex; flex-direction: column; position: relative; border: 1px solid #28a745; margin-top: 70px; margin-bottom: 50px; margin-left: auto; margin-right: auto;\">\n<div style=\"position: absolute; top: -35px; right: 15px; color: #28a745; padding: 5px 10px; border-radius: 6px; font-size: 14px; font-weight: bold; display: flex; align-items: center; z-index: 10;\">Recomendado para si<\/div>\n<div data-namespace-header=\"\" style=\"\">\n<h3 data-namespace-title=\"\" style=\"color: #333; font-size: 20px; font-weight: bold; text-align: left; margin-right: 50px; min-height: 50px; margin-top: 0px;\">Terapia da Fala<\/h3>\n<\/p><\/div>\n<p data-namespace-prompt=\"\" style=\"font-size: 16px; color: #666; margin-bottom: 20px; line-height: 1.5; flex-grow: 1; text-align: left; margin-top: 0px;\">Vaga destinada a terapeutas da fala dedicados \u00e0 interven\u00e7\u00e3o precoce, com prefer\u00eancia por experi\u00eancia em defici\u00eancia visual e multidefici\u00eancia. Entrada imediata, equipa colaborativa, valoriza\u00e7\u00e3o da aprendizagem cont\u00ednua.<\/p>\n<p>    <a data-namespace-url=\"\" href=\"https:\/\/thefundmentor.com\/it\/redirect\/?https:\/\/www.net-empregos.com\/14921220\/terapia-da-fala\/?utm_campaign=google_jobs_apply&#038;utm_source=google_jobs_apply&#038;utm_medium=organic\" style=\"width: 100%; display: inline-block; color: white; text-decoration: none; border-radius: 6px; font-size: 16px; font-weight: bold; text-align: center; transition: transform 0.3s ease, background 0.3s ease; margin-top: auto;\" data-namespace-id=\"5c0d2565-3ba9-4280-a382-ad2a691e2285\"><br \/>\n        <button style=\"width: 100%; height: 55px; background: #e9e9ed; border: 1px solid black; color: black;\">Candidatar-se \u00e0 oferta<\/button><br \/>\n    <\/a><br \/>\n    <small style=\"margin-top: 10px; color: #777; font-size: 12px; text-align: center; display: block;\">Sar\u00e0 reindirizzato all&#039;altro sito<\/small>\n<\/div>","protected":false},"excerpt":{"rendered":"<p>Candidata-te \u00e0 vaga de Terapeuta da Fala focada em interven\u00e7\u00e3o precoce e defici\u00eancia visual. Perfil din\u00e2mico, equipa colaborativa e aprendizagem cont\u00ednua. Entrada imediata!<\/p>","protected":false},"author":3,"featured_media":0,"comment_status":"open","ping_status":"open","sticky":false,"template":"","format":"standard","meta":{"_uag_custom_page_level_css":"","site-sidebar-layout":"default","site-content-layout":"","ast-site-content-layout":"","site-content-style":"default","site-sidebar-style":"default","ast-global-header-display":"","ast-banner-title-visibility":"","ast-main-header-display":"","ast-hfb-above-header-display":"","ast-hfb-below-header-display":"","ast-hfb-mobile-header-display":"","site-post-title":"","ast-breadcrumbs-content":"","ast-featured-img":"","footer-sml-layout":"","theme-transparent-header-meta":"","adv-header-id-meta":"","stick-header-meta":"","header-above-stick-meta":"","header-main-stick-meta":"","header-below-stick-meta":"","astra-migrate-meta-layouts":"default","ast-page-background-enabled":"default","ast-page-background-meta":{"desktop":{"background-color":"var(--ast-global-color-4)","background-image":"","background-repeat":"repeat","background-position":"center center","background-size":"auto","background-attachment":"scroll","background-type":"","background-media":"","overlay-type":"","overlay-color":"","overlay-opacity":"","overlay-gradient":""},"tablet":{"background-color":"","background-image":"","background-repeat":"repeat","background-position":"center center","background-size":"auto","background-attachment":"scroll","background-type":"","background-media":"","overlay-type":"","overlay-color":"","overlay-opacity":"","overlay-gradient":""},"mobile":{"background-color":"","background-image":"","background-repeat":"repeat","background-position":"center center","background-size":"auto","background-attachment":"scroll","background-type":"","background-media":"","overlay-type":"","overlay-color":"","overlay-opacity":"","overlay-gradient":""}},"ast-content-background-meta":{"desktop":{"background-color":"var(--ast-global-color-5)","background-image":"","background-repeat":"repeat","background-position":"center center","background-size":"auto","background-attachment":"scroll","background-type":"","background-media":"","overlay-type":"","overlay-color":"","overlay-opacity":"","overlay-gradient":""},"tablet":{"background-color":"var(--ast-global-color-5)","background-image":"","background-repeat":"repeat","background-position":"center center","background-size":"auto","background-attachment":"scroll","background-type":"","background-media":"","overlay-type":"","overlay-color":"","overlay-opacity":"","overlay-gradient":""},"mobile":{"background-color":"var(--ast-global-color-5)","background-image":"","background-repeat":"repeat","background-position":"center center","background-size":"auto","background-attachment":"scroll","background-type":"","background-media":"","overlay-type":"","overlay-color":"","overlay-opacity":"","overlay-gradient":""}},"footnotes":""},"categories":[9],"tags":[],"yoast_head":"<!-- This site is optimized with the Yoast SEO plugin v23.3 - https:\/\/yoast.com\/wordpress\/plugins\/seo\/ -->\n<title>Terapia da Fala \u2013 Vaga com foco em Interven\u00e7\u00e3o Precoce e Aprendizagem Cont\u00ednua - The Fund Mentor<\/title>\n<meta name=\"robots\" content=\"index, follow, max-snippet:-1, max-image-preview:large, max-video-preview:-1\" \/>\n<link rel=\"canonical\" href=\"https:\/\/thefundmentor.com\/it\/f7da6a53-91d1-40fb-a9e8-d32dfa615b32\/\" \/>\n<meta property=\"og:locale\" content=\"it_IT\" \/>\n<meta property=\"og:type\" content=\"article\" \/>\n<meta property=\"og:title\" content=\"Terapia da Fala \u2013 Vaga com foco em Interven\u00e7\u00e3o Precoce e Aprendizagem Cont\u00ednua - The Fund Mentor\" \/>\n<meta property=\"og:description\" content=\"Candidata-te \u00e0 vaga de Terapeuta da Fala focada em interven\u00e7\u00e3o precoce e defici\u00eancia visual. Perfil din\u00e2mico, equipa colaborativa e aprendizagem cont\u00ednua. Entrada imediata!\" \/>\n<meta property=\"og:url\" content=\"https:\/\/thefundmentor.com\/it\/f7da6a53-91d1-40fb-a9e8-d32dfa615b32\/\" \/>\n<meta property=\"og:site_name\" content=\"The Fund Mentor\" \/>\n<meta property=\"article:published_time\" content=\"2026-02-01T22:19:00+00:00\" \/>\n<meta property=\"article:modified_time\" content=\"2026-02-01T22:19:59+00:00\" \/>\n<meta name=\"author\" content=\"Bruno Gianni\" \/>\n<meta name=\"twitter:card\" content=\"summary_large_image\" \/>\n<meta name=\"twitter:label1\" content=\"Written by\" \/>\n\t<meta name=\"twitter:data1\" content=\"Bruno Gianni\" \/>\n\t<meta name=\"twitter:label2\" content=\"Est. reading time\" \/>\n\t<meta name=\"twitter:data2\" content=\"3 minuti\" \/>\n<script type=\"application\/ld+json\" class=\"yoast-schema-graph\">{\"@context\":\"https:\/\/schema.org\",\"@graph\":[{\"@type\":\"Article\",\"@id\":\"https:\/\/thefundmentor.com\/f7da6a53-91d1-40fb-a9e8-d32dfa615b32\/#article\",\"isPartOf\":{\"@id\":\"https:\/\/thefundmentor.com\/f7da6a53-91d1-40fb-a9e8-d32dfa615b32\/\"},\"author\":{\"name\":\"Bruno Gianni\",\"@id\":\"https:\/\/thefundmentor.com\/#\/schema\/person\/d52888235fd6563bd07d97185d6a61e4\"},\"headline\":\"Terapia da Fala \u2013 Vaga com foco em Interven\u00e7\u00e3o Precoce e Aprendizagem Cont\u00ednua\",\"datePublished\":\"2026-02-01T22:19:00+00:00\",\"dateModified\":\"2026-02-01T22:19:59+00:00\",\"mainEntityOfPage\":{\"@id\":\"https:\/\/thefundmentor.com\/f7da6a53-91d1-40fb-a9e8-d32dfa615b32\/\"},\"wordCount\":565,\"commentCount\":0,\"publisher\":{\"@id\":\"https:\/\/thefundmentor.com\/#organization\"},\"articleSection\":[\"Hidden\"],\"inLanguage\":\"it-IT\",\"potentialAction\":[{\"@type\":\"CommentAction\",\"name\":\"Comment\",\"target\":[\"https:\/\/thefundmentor.com\/f7da6a53-91d1-40fb-a9e8-d32dfa615b32\/#respond\"]}]},{\"@type\":\"WebPage\",\"@id\":\"https:\/\/thefundmentor.com\/f7da6a53-91d1-40fb-a9e8-d32dfa615b32\/\",\"url\":\"https:\/\/thefundmentor.com\/f7da6a53-91d1-40fb-a9e8-d32dfa615b32\/\",\"name\":\"Terapia da Fala \u2013 Vaga com foco em Interven\u00e7\u00e3o Precoce e Aprendizagem Cont\u00ednua - The Fund Mentor\",\"isPartOf\":{\"@id\":\"https:\/\/thefundmentor.com\/#website\"},\"datePublished\":\"2026-02-01T22:19:00+00:00\",\"dateModified\":\"2026-02-01T22:19:59+00:00\",\"breadcrumb\":{\"@id\":\"https:\/\/thefundmentor.com\/f7da6a53-91d1-40fb-a9e8-d32dfa615b32\/#breadcrumb\"},\"inLanguage\":\"it-IT\",\"potentialAction\":[{\"@type\":\"ReadAction\",\"target\":[\"https:\/\/thefundmentor.com\/f7da6a53-91d1-40fb-a9e8-d32dfa615b32\/\"]}]},{\"@type\":\"BreadcrumbList\",\"@id\":\"https:\/\/thefundmentor.com\/f7da6a53-91d1-40fb-a9e8-d32dfa615b32\/#breadcrumb\",\"itemListElement\":[{\"@type\":\"ListItem\",\"position\":1,\"name\":\"Home\",\"item\":\"https:\/\/thefundmentor.com\/\"},{\"@type\":\"ListItem\",\"position\":2,\"name\":\"Terapia da Fala \u2013 Vaga com foco em Interven\u00e7\u00e3o Precoce e Aprendizagem Cont\u00ednua\"}]},{\"@type\":\"WebSite\",\"@id\":\"https:\/\/thefundmentor.com\/#website\",\"url\":\"https:\/\/thefundmentor.com\/\",\"name\":\"The Fund Mentor\",\"description\":\"\",\"publisher\":{\"@id\":\"https:\/\/thefundmentor.com\/#organization\"},\"potentialAction\":[{\"@type\":\"SearchAction\",\"target\":{\"@type\":\"EntryPoint\",\"urlTemplate\":\"https:\/\/thefundmentor.com\/?s={search_term_string}\"},\"query-input\":\"required name=search_term_string\"}],\"inLanguage\":\"it-IT\"},{\"@type\":\"Organization\",\"@id\":\"https:\/\/thefundmentor.com\/#organization\",\"name\":\"The Fund Mentor\",\"url\":\"https:\/\/thefundmentor.com\/\",\"logo\":{\"@type\":\"ImageObject\",\"inLanguage\":\"it-IT\",\"@id\":\"https:\/\/thefundmentor.com\/#\/schema\/logo\/image\/\",\"url\":\"https:\/\/thefundmentor.com\/wp-content\/uploads\/sites\/506\/2025\/11\/Logo-The-Fund-Mentor.png\",\"contentUrl\":\"https:\/\/thefundmentor.com\/wp-content\/uploads\/sites\/506\/2025\/11\/Logo-The-Fund-Mentor.png\",\"width\":600,\"height\":600,\"caption\":\"The Fund Mentor\"},\"image\":{\"@id\":\"https:\/\/thefundmentor.com\/#\/schema\/logo\/image\/\"}},{\"@type\":\"Person\",\"@id\":\"https:\/\/thefundmentor.com\/#\/schema\/person\/d52888235fd6563bd07d97185d6a61e4\",\"name\":\"Bruno Gianni\",\"image\":{\"@type\":\"ImageObject\",\"inLanguage\":\"it-IT\",\"@id\":\"https:\/\/thefundmentor.com\/#\/schema\/person\/image\/\",\"url\":\"https:\/\/secure.gravatar.com\/avatar\/0f5d42d7bf77874643c1478932860e3f?s=96&d=mm&r=g\",\"contentUrl\":\"https:\/\/secure.gravatar.com\/avatar\/0f5d42d7bf77874643c1478932860e3f?s=96&d=mm&r=g\",\"caption\":\"Bruno Gianni\"},\"description\":\"Bruno writes the way he lives, with curiosity, care, and respect for people. He likes to observe, listen, and try to understand what is happening on the other side before putting any words on the page.For him, writing is not about impressing, but about getting closer. It is about turning thoughts into something simple, clear, and real. Every text is an ongoing conversation, created with care and honesty, with the sincere intention of touching someone, somewhere along the way.\",\"url\":\"https:\/\/thefundmentor.com\/it\/author\/bcgianni\/\"}]}<\/script>\n<!-- \/ Yoast SEO plugin. -->","yoast_head_json":{"title":"Terapia da Fala \u2013 Vaga com foco em Interven\u00e7\u00e3o Precoce e Aprendizagem Cont\u00ednua - The Fund Mentor","robots":{"index":"index","follow":"follow","max-snippet":"max-snippet:-1","max-image-preview":"max-image-preview:large","max-video-preview":"max-video-preview:-1"},"canonical":"https:\/\/thefundmentor.com\/it\/f7da6a53-91d1-40fb-a9e8-d32dfa615b32\/","og_locale":"it_IT","og_type":"article","og_title":"Terapia da Fala \u2013 Vaga com foco em Interven\u00e7\u00e3o Precoce e Aprendizagem Cont\u00ednua - The Fund Mentor","og_description":"Candidata-te \u00e0 vaga de Terapeuta da Fala focada em interven\u00e7\u00e3o precoce e defici\u00eancia visual. Perfil din\u00e2mico, equipa colaborativa e aprendizagem cont\u00ednua. Entrada imediata!","og_url":"https:\/\/thefundmentor.com\/it\/f7da6a53-91d1-40fb-a9e8-d32dfa615b32\/","og_site_name":"The Fund Mentor","article_published_time":"2026-02-01T22:19:00+00:00","article_modified_time":"2026-02-01T22:19:59+00:00","author":"Bruno Gianni","twitter_card":"summary_large_image","twitter_misc":{"Written by":"Bruno Gianni","Est. reading time":"3 minuti"},"schema":{"@context":"https:\/\/schema.org","@graph":[{"@type":"Article","@id":"https:\/\/thefundmentor.com\/f7da6a53-91d1-40fb-a9e8-d32dfa615b32\/#article","isPartOf":{"@id":"https:\/\/thefundmentor.com\/f7da6a53-91d1-40fb-a9e8-d32dfa615b32\/"},"author":{"name":"Bruno Gianni","@id":"https:\/\/thefundmentor.com\/#\/schema\/person\/d52888235fd6563bd07d97185d6a61e4"},"headline":"Terapia da Fala \u2013 Vaga com foco em Interven\u00e7\u00e3o Precoce e Aprendizagem Cont\u00ednua","datePublished":"2026-02-01T22:19:00+00:00","dateModified":"2026-02-01T22:19:59+00:00","mainEntityOfPage":{"@id":"https:\/\/thefundmentor.com\/f7da6a53-91d1-40fb-a9e8-d32dfa615b32\/"},"wordCount":565,"commentCount":0,"publisher":{"@id":"https:\/\/thefundmentor.com\/#organization"},"articleSection":["Hidden"],"inLanguage":"it-IT","potentialAction":[{"@type":"CommentAction","name":"Comment","target":["https:\/\/thefundmentor.com\/f7da6a53-91d1-40fb-a9e8-d32dfa615b32\/#respond"]}]},{"@type":"WebPage","@id":"https:\/\/thefundmentor.com\/f7da6a53-91d1-40fb-a9e8-d32dfa615b32\/","url":"https:\/\/thefundmentor.com\/f7da6a53-91d1-40fb-a9e8-d32dfa615b32\/","name":"Terapia da Fala \u2013 Vaga com foco em Interven\u00e7\u00e3o Precoce e Aprendizagem Cont\u00ednua - The Fund Mentor","isPartOf":{"@id":"https:\/\/thefundmentor.com\/#website"},"datePublished":"2026-02-01T22:19:00+00:00","dateModified":"2026-02-01T22:19:59+00:00","breadcrumb":{"@id":"https:\/\/thefundmentor.com\/f7da6a53-91d1-40fb-a9e8-d32dfa615b32\/#breadcrumb"},"inLanguage":"it-IT","potentialAction":[{"@type":"ReadAction","target":["https:\/\/thefundmentor.com\/f7da6a53-91d1-40fb-a9e8-d32dfa615b32\/"]}]},{"@type":"BreadcrumbList","@id":"https:\/\/thefundmentor.com\/f7da6a53-91d1-40fb-a9e8-d32dfa615b32\/#breadcrumb","itemListElement":[{"@type":"ListItem","position":1,"name":"Home","item":"https:\/\/thefundmentor.com\/"},{"@type":"ListItem","position":2,"name":"Terapia da Fala \u2013 Vaga com foco em Interven\u00e7\u00e3o Precoce e Aprendizagem Cont\u00ednua"}]},{"@type":"WebSite","@id":"https:\/\/thefundmentor.com\/#website","url":"https:\/\/thefundmentor.com\/","name":"The Fund Mentor","description":"","publisher":{"@id":"https:\/\/thefundmentor.com\/#organization"},"potentialAction":[{"@type":"SearchAction","target":{"@type":"EntryPoint","urlTemplate":"https:\/\/thefundmentor.com\/?s={search_term_string}"},"query-input":"required name=search_term_string"}],"inLanguage":"it-IT"},{"@type":"Organization","@id":"https:\/\/thefundmentor.com\/#organization","name":"The Fund Mentor","url":"https:\/\/thefundmentor.com\/","logo":{"@type":"ImageObject","inLanguage":"it-IT","@id":"https:\/\/thefundmentor.com\/#\/schema\/logo\/image\/","url":"https:\/\/thefundmentor.com\/wp-content\/uploads\/sites\/506\/2025\/11\/Logo-The-Fund-Mentor.png","contentUrl":"https:\/\/thefundmentor.com\/wp-content\/uploads\/sites\/506\/2025\/11\/Logo-The-Fund-Mentor.png","width":600,"height":600,"caption":"The Fund Mentor"},"image":{"@id":"https:\/\/thefundmentor.com\/#\/schema\/logo\/image\/"}},{"@type":"Person","@id":"https:\/\/thefundmentor.com\/#\/schema\/person\/d52888235fd6563bd07d97185d6a61e4","name":"Bruno Gianni","image":{"@type":"ImageObject","inLanguage":"it-IT","@id":"https:\/\/thefundmentor.com\/#\/schema\/person\/image\/","url":"https:\/\/secure.gravatar.com\/avatar\/0f5d42d7bf77874643c1478932860e3f?s=96&d=mm&r=g","contentUrl":"https:\/\/secure.gravatar.com\/avatar\/0f5d42d7bf77874643c1478932860e3f?s=96&d=mm&r=g","caption":"Bruno Gianni"},"description":"Bruno writes the way he lives, with curiosity, care, and respect for people. He likes to observe, listen, and try to understand what is happening on the other side before putting any words on the page.For him, writing is not about impressing, but about getting closer. It is about turning thoughts into something simple, clear, and real. Every text is an ongoing conversation, created with care and honesty, with the sincere intention of touching someone, somewhere along the way.","url":"https:\/\/thefundmentor.com\/it\/author\/bcgianni\/"}]}},"uagb_featured_image_src":{"full":false,"thumbnail":false,"medium":false,"medium_large":false,"large":false,"1536x1536":false,"2048x2048":false,"trp-custom-language-flag":false},"uagb_author_info":{"display_name":"Bruno Gianni","author_link":"https:\/\/thefundmentor.com\/it\/author\/bcgianni\/"},"uagb_comment_info":0,"uagb_excerpt":"Candidata-te \u00e0 vaga de Terapeuta da Fala focada em interven\u00e7\u00e3o precoce e defici\u00eancia visual. Perfil din\u00e2mico, equipa colaborativa e aprendizagem cont\u00ednua. Entrada imediata!","_links":{"self":[{"href":"https:\/\/thefundmentor.com\/it\/wp-json\/wp\/v2\/posts\/17332"}],"collection":[{"href":"https:\/\/thefundmentor.com\/it\/wp-json\/wp\/v2\/posts"}],"about":[{"href":"https:\/\/thefundmentor.com\/it\/wp-json\/wp\/v2\/types\/post"}],"author":[{"embeddable":true,"href":"https:\/\/thefundmentor.com\/it\/wp-json\/wp\/v2\/users\/3"}],"replies":[{"embeddable":true,"href":"https:\/\/thefundmentor.com\/it\/wp-json\/wp\/v2\/comments?post=17332"}],"version-history":[{"count":1,"href":"https:\/\/thefundmentor.com\/it\/wp-json\/wp\/v2\/posts\/17332\/revisions"}],"predecessor-version":[{"id":17345,"href":"https:\/\/thefundmentor.com\/it\/wp-json\/wp\/v2\/posts\/17332\/revisions\/17345"}],"wp:attachment":[{"href":"https:\/\/thefundmentor.com\/it\/wp-json\/wp\/v2\/media?parent=17332"}],"wp:term":[{"taxonomy":"category","embeddable":true,"href":"https:\/\/thefundmentor.com\/it\/wp-json\/wp\/v2\/categories?post=17332"},{"taxonomy":"post_tag","embeddable":true,"href":"https:\/\/thefundmentor.com\/it\/wp-json\/wp\/v2\/tags?post=17332"}],"curies":[{"name":"wp","href":"https:\/\/api.w.org\/{rel}","templated":true}]}}