{"id":17319,"date":"2026-02-01T22:15:00","date_gmt":"2026-02-01T22:15:00","guid":{"rendered":"https:\/\/thefundmentor.com\/9d61b1d4-3f83-4f35-b142-3c9deaeca1b1\/"},"modified":"2026-02-01T22:15:03","modified_gmt":"2026-02-01T22:15:03","slug":"9d61b1d4-3f83-4f35-b142-3c9deaeca1b1","status":"publish","type":"post","link":"https:\/\/thefundmentor.com\/it\/9d61b1d4-3f83-4f35-b142-3c9deaeca1b1\/","title":{"rendered":"Chefe de Equipa Comercial (M\/F\/D): Lidera com Sal\u00e1rio Fixe, Carro e Progress\u00e3o"},"content":{"rendered":"<\/p>\n<\/p>\n<div style=\"background: #ffffff; border-radius: 12px; box-shadow: 0 10px 30px rgba(0, 0, 0, 0.1); width: 100%; max-width: 340px; padding: 25px; transition: transform 0.3s ease-in-out; overflow: visible; display: flex; flex-direction: column; position: relative; border: 1px solid #28a745; margin-top: 70px; margin-bottom: 50px; margin-left: auto; margin-right: auto;\">\n<div style=\"position: absolute; top: -35px; right: 15px; color: #28a745; padding: 5px 10px; border-radius: 6px; font-size: 14px; font-weight: bold; display: flex; align-items: center; z-index: 10;\">Recomendado para si<\/div>\n<div data-namespace-header=\"\" style=\"\">\n<h3 data-namespace-title=\"\" style=\"color: #333; font-size: 20px; font-weight: bold; text-align: left; margin-right: 50px; min-height: 50px; margin-top: 0px;\">Chefe de Equipa Comercial<\/h3>\n<\/p><\/div>\n<p data-namespace-prompt=\"\" style=\"font-size: 16px; color: #666; margin-bottom: 20px; line-height: 1.5; flex-grow: 1; text-align: left; margin-top: 0px;\">Fun\u00e7\u00e3o com contrato de trabalho, sal\u00e1rio base, comiss\u00f5es, carro de servi\u00e7o e oportunidades reais de progress\u00e3o na lideran\u00e7a de equipas comerciais.<\/p>\n<p>    <a data-namespace-url=\"\" href=\"https:\/\/thefundmentor.com\/it\/redirect\/?https:\/\/www.jobted.pt\/job\/a6f9b16ec2e0d0c51dcdea832b21d809?utm_campaign=google_jobs_apply&#038;utm_source=google_jobs_apply&#038;utm_medium=organic\" style=\"width: 100%; display: inline-block; color: white; text-decoration: none; border-radius: 6px; font-size: 16px; font-weight: bold; text-align: center; transition: transform 0.3s ease, background 0.3s ease; margin-top: auto;\" data-namespace-id=\"5c0d2565-3ba9-4280-a382-ad2a691e2285\"><br \/>\n        <button style=\"width: 100%; height: 55px; background: #e9e9ed; border: 1px solid black; color: black;\">Candidatar-se ao emprego<\/button><br \/>\n    <\/a><br \/>\n    <small style=\"margin-top: 10px; color: #777; font-size: 12px; text-align: center; display: block;\">Sar\u00e0 reindirizzato all&#039;altro sito<\/small>\n<\/div>\n<p><!-- Introdu\u00e7\u00e3o --><br \/>\nA vaga para Chefe de Equipa Comercial destaca-se pelas suas condi\u00e7\u00f5es atrativas. Existe um sal\u00e1rio base garantido, complementado por um subs\u00eddio de alimenta\u00e7\u00e3o e comiss\u00f5es, al\u00e9m da oferta de viatura de servi\u00e7o com despesas inclu\u00eddas. O contrato de trabalho formal e a possibilidade de desenvolvimento de carreira tornam esta proposta particularmente apelativa para quem procura estabilidade e progress\u00e3o profissional.<\/p>\n<h2>Responsabilidades e Rotina Di\u00e1ria<\/h2>\n<p>A fun\u00e7\u00e3o envolve acompanhar e supervisionar a equipa de vendas, angariando novos clientes e efetuando vendas de produtos e servi\u00e7os. Existem tarefas relacionadas com an\u00e1lise e reporte regular dos resultados da equipa, bem como a elabora\u00e7\u00e3o de propostas comerciais. O contacto com clientes \u00e9 constante, exigindo boa capacidade de comunica\u00e7\u00e3o e resili\u00eancia. O trabalho decorre no sector residencial, o que significa contacto direto e personalizado com diferentes perfis de clientes. A autonomia e o planeamento s\u00e3o essenciais para gerir eficazmente o neg\u00f3cio do dia a dia.<\/p>\n<h2>Principais Vantagens<\/h2>\n<p>Um dos principais benef\u00edcios desta posi\u00e7\u00e3o \u00e9 a combina\u00e7\u00e3o de sal\u00e1rio fixo e vari\u00e1vel, com potencial para aumentar o rendimento mensal atrav\u00e9s das comiss\u00f5es de desempenho. A empresa oferece tamb\u00e9m possibilidades reais de progress\u00e3o de carreira, o que representa uma excelente oportunidade para crescer dentro da equipa. Destaca-se, ainda, o enfoque na diversidade e inclus\u00e3o, valorizando o m\u00e9rito e promovendo o respeito por todos os colaboradores.<\/p>\n<h2>Algumas Desvantagens<\/h2>\n<p>A exig\u00eancia de experi\u00eancia pr\u00e9via comercial pode ser um obst\u00e1culo para quem est\u00e1 a iniciar a carreira. Por outro lado, a fun\u00e7\u00e3o implica uma grande responsabilidade na gest\u00e3o de equipas, o que pode ser desafiante para candidatos menos experientes. O contacto constante com objetivos e metas pode ser tamb\u00e9m fonte de press\u00e3o, especialmente para quem n\u00e3o est\u00e1 habituado ao ambiente comercial.<\/p>\n<h2>Veredito Final<\/h2>\n<p>Esta oferta de Chefe de Equipa Comercial \u00e9 bastante completa para quem j\u00e1 tem alguma experi\u00eancia no setor e procura n\u00e3o s\u00f3 uma fun\u00e7\u00e3o de vendas, mas uma oportunidade de liderar equipas. Os benef\u00edcios e possibilidades de evolu\u00e7\u00e3o tornam-na uma excelente escolha para candidatos motivados, din\u00e2micos e decididos a crescer profissionalmente.<\/p>\n<div style=\"background: #ffffff; border-radius: 12px; box-shadow: 0 10px 30px rgba(0, 0, 0, 0.1); width: 100%; max-width: 340px; padding: 25px; transition: transform 0.3s ease-in-out; overflow: visible; display: flex; flex-direction: column; position: relative; border: 1px solid #28a745; margin-top: 70px; margin-bottom: 50px; margin-left: auto; margin-right: auto;\">\n<div style=\"position: absolute; top: -35px; right: 15px; color: #28a745; padding: 5px 10px; border-radius: 6px; font-size: 14px; font-weight: bold; display: flex; align-items: center; z-index: 10;\">Recomendado para si<\/div>\n<div data-namespace-header=\"\" style=\"\">\n<h3 data-namespace-title=\"\" style=\"color: #333; font-size: 20px; font-weight: bold; text-align: left; margin-right: 50px; min-height: 50px; margin-top: 0px;\">Chefe de Equipa Comercial<\/h3>\n<\/p><\/div>\n<p data-namespace-prompt=\"\" style=\"font-size: 16px; color: #666; margin-bottom: 20px; line-height: 1.5; flex-grow: 1; text-align: left; margin-top: 0px;\">Fun\u00e7\u00e3o com contrato de trabalho, sal\u00e1rio base, comiss\u00f5es, carro de servi\u00e7o e oportunidades reais de progress\u00e3o na lideran\u00e7a de equipas comerciais.<\/p>\n<p>    <a data-namespace-url=\"\" href=\"https:\/\/thefundmentor.com\/it\/redirect\/?https:\/\/www.jobted.pt\/job\/a6f9b16ec2e0d0c51dcdea832b21d809?utm_campaign=google_jobs_apply&#038;utm_source=google_jobs_apply&#038;utm_medium=organic\" style=\"width: 100%; display: inline-block; color: white; text-decoration: none; border-radius: 6px; font-size: 16px; font-weight: bold; text-align: center; transition: transform 0.3s ease, background 0.3s ease; margin-top: auto;\" data-namespace-id=\"5c0d2565-3ba9-4280-a382-ad2a691e2285\"><br \/>\n        <button style=\"width: 100%; height: 55px; background: #e9e9ed; border: 1px solid black; color: black;\">Candidatar-se ao emprego<\/button><br \/>\n    <\/a><br \/>\n    <small style=\"margin-top: 10px; color: #777; font-size: 12px; text-align: center; display: block;\">Sar\u00e0 reindirizzato all&#039;altro sito<\/small>\n<\/div>","protected":false},"excerpt":{"rendered":"<p>Oferta de Chefe de Equipa Comercial com sal\u00e1rio fixo, comiss\u00f5es, viatura de servi\u00e7o e contrato. Descubra responsabilidades, vantagens e desafios antes de se candidatar \u00e0 vaga!<\/p>","protected":false},"author":3,"featured_media":0,"comment_status":"open","ping_status":"open","sticky":false,"template":"","format":"standard","meta":{"_uag_custom_page_level_css":"","site-sidebar-layout":"default","site-content-layout":"","ast-site-content-layout":"","site-content-style":"default","site-sidebar-style":"default","ast-global-header-display":"","ast-banner-title-visibility":"","ast-main-header-display":"","ast-hfb-above-header-display":"","ast-hfb-below-header-display":"","ast-hfb-mobile-header-display":"","site-post-title":"","ast-breadcrumbs-content":"","ast-featured-img":"","footer-sml-layout":"","theme-transparent-header-meta":"","adv-header-id-meta":"","stick-header-meta":"","header-above-stick-meta":"","header-main-stick-meta":"","header-below-stick-meta":"","astra-migrate-meta-layouts":"default","ast-page-background-enabled":"default","ast-page-background-meta":{"desktop":{"background-color":"var(--ast-global-color-4)","background-image":"","background-repeat":"repeat","background-position":"center center","background-size":"auto","background-attachment":"scroll","background-type":"","background-media":"","overlay-type":"","overlay-color":"","overlay-opacity":"","overlay-gradient":""},"tablet":{"background-color":"","background-image":"","background-repeat":"repeat","background-position":"center center","background-size":"auto","background-attachment":"scroll","background-type":"","background-media":"","overlay-type":"","overlay-color":"","overlay-opacity":"","overlay-gradient":""},"mobile":{"background-color":"","background-image":"","background-repeat":"repeat","background-position":"center center","background-size":"auto","background-attachment":"scroll","background-type":"","background-media":"","overlay-type":"","overlay-color":"","overlay-opacity":"","overlay-gradient":""}},"ast-content-background-meta":{"desktop":{"background-color":"var(--ast-global-color-5)","background-image":"","background-repeat":"repeat","background-position":"center center","background-size":"auto","background-attachment":"scroll","background-type":"","background-media":"","overlay-type":"","overlay-color":"","overlay-opacity":"","overlay-gradient":""},"tablet":{"background-color":"var(--ast-global-color-5)","background-image":"","background-repeat":"repeat","background-position":"center center","background-size":"auto","background-attachment":"scroll","background-type":"","background-media":"","overlay-type":"","overlay-color":"","overlay-opacity":"","overlay-gradient":""},"mobile":{"background-color":"var(--ast-global-color-5)","background-image":"","background-repeat":"repeat","background-position":"center center","background-size":"auto","background-attachment":"scroll","background-type":"","background-media":"","overlay-type":"","overlay-color":"","overlay-opacity":"","overlay-gradient":""}},"footnotes":""},"categories":[9],"tags":[],"yoast_head":"<!-- This site is optimized with the Yoast SEO plugin v23.3 - https:\/\/yoast.com\/wordpress\/plugins\/seo\/ -->\n<title>Chefe de Equipa Comercial (M\/F\/D): Lidera com Sal\u00e1rio Fixe, Carro e Progress\u00e3o - The Fund Mentor<\/title>\n<meta name=\"robots\" content=\"index, follow, max-snippet:-1, max-image-preview:large, max-video-preview:-1\" \/>\n<link rel=\"canonical\" href=\"https:\/\/thefundmentor.com\/it\/9d61b1d4-3f83-4f35-b142-3c9deaeca1b1\/\" \/>\n<meta property=\"og:locale\" content=\"it_IT\" \/>\n<meta property=\"og:type\" content=\"article\" \/>\n<meta property=\"og:title\" content=\"Chefe de Equipa Comercial (M\/F\/D): Lidera com Sal\u00e1rio Fixe, Carro e Progress\u00e3o - The Fund Mentor\" \/>\n<meta property=\"og:description\" content=\"Oferta de Chefe de Equipa Comercial com sal\u00e1rio fixo, comiss\u00f5es, viatura de servi\u00e7o e contrato. Descubra responsabilidades, vantagens e desafios antes de se candidatar \u00e0 vaga!\" \/>\n<meta property=\"og:url\" content=\"https:\/\/thefundmentor.com\/it\/9d61b1d4-3f83-4f35-b142-3c9deaeca1b1\/\" \/>\n<meta property=\"og:site_name\" content=\"The Fund Mentor\" \/>\n<meta property=\"article:published_time\" content=\"2026-02-01T22:15:00+00:00\" \/>\n<meta property=\"article:modified_time\" content=\"2026-02-01T22:15:03+00:00\" \/>\n<meta name=\"author\" content=\"Bruno Gianni\" \/>\n<meta name=\"twitter:card\" content=\"summary_large_image\" \/>\n<meta name=\"twitter:label1\" content=\"Written by\" \/>\n\t<meta name=\"twitter:data1\" content=\"Bruno Gianni\" \/>\n\t<meta name=\"twitter:label2\" content=\"Est. reading time\" \/>\n\t<meta name=\"twitter:data2\" content=\"2 minuti\" \/>\n<script type=\"application\/ld+json\" class=\"yoast-schema-graph\">{\"@context\":\"https:\/\/schema.org\",\"@graph\":[{\"@type\":\"Article\",\"@id\":\"https:\/\/thefundmentor.com\/9d61b1d4-3f83-4f35-b142-3c9deaeca1b1\/#article\",\"isPartOf\":{\"@id\":\"https:\/\/thefundmentor.com\/9d61b1d4-3f83-4f35-b142-3c9deaeca1b1\/\"},\"author\":{\"name\":\"Bruno Gianni\",\"@id\":\"https:\/\/thefundmentor.com\/#\/schema\/person\/d52888235fd6563bd07d97185d6a61e4\"},\"headline\":\"Chefe de Equipa Comercial (M\/F\/D): Lidera com Sal\u00e1rio Fixe, Carro e Progress\u00e3o\",\"datePublished\":\"2026-02-01T22:15:00+00:00\",\"dateModified\":\"2026-02-01T22:15:03+00:00\",\"mainEntityOfPage\":{\"@id\":\"https:\/\/thefundmentor.com\/9d61b1d4-3f83-4f35-b142-3c9deaeca1b1\/\"},\"wordCount\":474,\"commentCount\":0,\"publisher\":{\"@id\":\"https:\/\/thefundmentor.com\/#organization\"},\"articleSection\":[\"Hidden\"],\"inLanguage\":\"it-IT\",\"potentialAction\":[{\"@type\":\"CommentAction\",\"name\":\"Comment\",\"target\":[\"https:\/\/thefundmentor.com\/9d61b1d4-3f83-4f35-b142-3c9deaeca1b1\/#respond\"]}]},{\"@type\":\"WebPage\",\"@id\":\"https:\/\/thefundmentor.com\/9d61b1d4-3f83-4f35-b142-3c9deaeca1b1\/\",\"url\":\"https:\/\/thefundmentor.com\/9d61b1d4-3f83-4f35-b142-3c9deaeca1b1\/\",\"name\":\"Chefe de Equipa Comercial (M\/F\/D): Lidera com Sal\u00e1rio Fixe, Carro e Progress\u00e3o - The Fund Mentor\",\"isPartOf\":{\"@id\":\"https:\/\/thefundmentor.com\/#website\"},\"datePublished\":\"2026-02-01T22:15:00+00:00\",\"dateModified\":\"2026-02-01T22:15:03+00:00\",\"breadcrumb\":{\"@id\":\"https:\/\/thefundmentor.com\/9d61b1d4-3f83-4f35-b142-3c9deaeca1b1\/#breadcrumb\"},\"inLanguage\":\"it-IT\",\"potentialAction\":[{\"@type\":\"ReadAction\",\"target\":[\"https:\/\/thefundmentor.com\/9d61b1d4-3f83-4f35-b142-3c9deaeca1b1\/\"]}]},{\"@type\":\"BreadcrumbList\",\"@id\":\"https:\/\/thefundmentor.com\/9d61b1d4-3f83-4f35-b142-3c9deaeca1b1\/#breadcrumb\",\"itemListElement\":[{\"@type\":\"ListItem\",\"position\":1,\"name\":\"Home\",\"item\":\"https:\/\/thefundmentor.com\/\"},{\"@type\":\"ListItem\",\"position\":2,\"name\":\"Chefe de Equipa Comercial (M\/F\/D): Lidera com Sal\u00e1rio Fixe, Carro e Progress\u00e3o\"}]},{\"@type\":\"WebSite\",\"@id\":\"https:\/\/thefundmentor.com\/#website\",\"url\":\"https:\/\/thefundmentor.com\/\",\"name\":\"The Fund Mentor\",\"description\":\"\",\"publisher\":{\"@id\":\"https:\/\/thefundmentor.com\/#organization\"},\"potentialAction\":[{\"@type\":\"SearchAction\",\"target\":{\"@type\":\"EntryPoint\",\"urlTemplate\":\"https:\/\/thefundmentor.com\/?s={search_term_string}\"},\"query-input\":\"required name=search_term_string\"}],\"inLanguage\":\"it-IT\"},{\"@type\":\"Organization\",\"@id\":\"https:\/\/thefundmentor.com\/#organization\",\"name\":\"The Fund Mentor\",\"url\":\"https:\/\/thefundmentor.com\/\",\"logo\":{\"@type\":\"ImageObject\",\"inLanguage\":\"it-IT\",\"@id\":\"https:\/\/thefundmentor.com\/#\/schema\/logo\/image\/\",\"url\":\"https:\/\/thefundmentor.com\/wp-content\/uploads\/sites\/506\/2025\/11\/Logo-The-Fund-Mentor.png\",\"contentUrl\":\"https:\/\/thefundmentor.com\/wp-content\/uploads\/sites\/506\/2025\/11\/Logo-The-Fund-Mentor.png\",\"width\":600,\"height\":600,\"caption\":\"The Fund Mentor\"},\"image\":{\"@id\":\"https:\/\/thefundmentor.com\/#\/schema\/logo\/image\/\"}},{\"@type\":\"Person\",\"@id\":\"https:\/\/thefundmentor.com\/#\/schema\/person\/d52888235fd6563bd07d97185d6a61e4\",\"name\":\"Bruno Gianni\",\"image\":{\"@type\":\"ImageObject\",\"inLanguage\":\"it-IT\",\"@id\":\"https:\/\/thefundmentor.com\/#\/schema\/person\/image\/\",\"url\":\"https:\/\/secure.gravatar.com\/avatar\/0f5d42d7bf77874643c1478932860e3f?s=96&d=mm&r=g\",\"contentUrl\":\"https:\/\/secure.gravatar.com\/avatar\/0f5d42d7bf77874643c1478932860e3f?s=96&d=mm&r=g\",\"caption\":\"Bruno Gianni\"},\"description\":\"Bruno writes the way he lives, with curiosity, care, and respect for people. He likes to observe, listen, and try to understand what is happening on the other side before putting any words on the page.For him, writing is not about impressing, but about getting closer. It is about turning thoughts into something simple, clear, and real. Every text is an ongoing conversation, created with care and honesty, with the sincere intention of touching someone, somewhere along the way.\",\"url\":\"https:\/\/thefundmentor.com\/it\/author\/bcgianni\/\"}]}<\/script>\n<!-- \/ Yoast SEO plugin. -->","yoast_head_json":{"title":"Chefe de Equipa Comercial (M\/F\/D): Lidera com Sal\u00e1rio Fixe, Carro e Progress\u00e3o - The Fund Mentor","robots":{"index":"index","follow":"follow","max-snippet":"max-snippet:-1","max-image-preview":"max-image-preview:large","max-video-preview":"max-video-preview:-1"},"canonical":"https:\/\/thefundmentor.com\/it\/9d61b1d4-3f83-4f35-b142-3c9deaeca1b1\/","og_locale":"it_IT","og_type":"article","og_title":"Chefe de Equipa Comercial (M\/F\/D): Lidera com Sal\u00e1rio Fixe, Carro e Progress\u00e3o - The Fund Mentor","og_description":"Oferta de Chefe de Equipa Comercial com sal\u00e1rio fixo, comiss\u00f5es, viatura de servi\u00e7o e contrato. Descubra responsabilidades, vantagens e desafios antes de se candidatar \u00e0 vaga!","og_url":"https:\/\/thefundmentor.com\/it\/9d61b1d4-3f83-4f35-b142-3c9deaeca1b1\/","og_site_name":"The Fund Mentor","article_published_time":"2026-02-01T22:15:00+00:00","article_modified_time":"2026-02-01T22:15:03+00:00","author":"Bruno Gianni","twitter_card":"summary_large_image","twitter_misc":{"Written by":"Bruno Gianni","Est. reading time":"2 minuti"},"schema":{"@context":"https:\/\/schema.org","@graph":[{"@type":"Article","@id":"https:\/\/thefundmentor.com\/9d61b1d4-3f83-4f35-b142-3c9deaeca1b1\/#article","isPartOf":{"@id":"https:\/\/thefundmentor.com\/9d61b1d4-3f83-4f35-b142-3c9deaeca1b1\/"},"author":{"name":"Bruno Gianni","@id":"https:\/\/thefundmentor.com\/#\/schema\/person\/d52888235fd6563bd07d97185d6a61e4"},"headline":"Chefe de Equipa Comercial (M\/F\/D): Lidera com Sal\u00e1rio Fixe, Carro e Progress\u00e3o","datePublished":"2026-02-01T22:15:00+00:00","dateModified":"2026-02-01T22:15:03+00:00","mainEntityOfPage":{"@id":"https:\/\/thefundmentor.com\/9d61b1d4-3f83-4f35-b142-3c9deaeca1b1\/"},"wordCount":474,"commentCount":0,"publisher":{"@id":"https:\/\/thefundmentor.com\/#organization"},"articleSection":["Hidden"],"inLanguage":"it-IT","potentialAction":[{"@type":"CommentAction","name":"Comment","target":["https:\/\/thefundmentor.com\/9d61b1d4-3f83-4f35-b142-3c9deaeca1b1\/#respond"]}]},{"@type":"WebPage","@id":"https:\/\/thefundmentor.com\/9d61b1d4-3f83-4f35-b142-3c9deaeca1b1\/","url":"https:\/\/thefundmentor.com\/9d61b1d4-3f83-4f35-b142-3c9deaeca1b1\/","name":"Chefe de Equipa Comercial (M\/F\/D): Lidera com Sal\u00e1rio Fixe, Carro e Progress\u00e3o - The Fund Mentor","isPartOf":{"@id":"https:\/\/thefundmentor.com\/#website"},"datePublished":"2026-02-01T22:15:00+00:00","dateModified":"2026-02-01T22:15:03+00:00","breadcrumb":{"@id":"https:\/\/thefundmentor.com\/9d61b1d4-3f83-4f35-b142-3c9deaeca1b1\/#breadcrumb"},"inLanguage":"it-IT","potentialAction":[{"@type":"ReadAction","target":["https:\/\/thefundmentor.com\/9d61b1d4-3f83-4f35-b142-3c9deaeca1b1\/"]}]},{"@type":"BreadcrumbList","@id":"https:\/\/thefundmentor.com\/9d61b1d4-3f83-4f35-b142-3c9deaeca1b1\/#breadcrumb","itemListElement":[{"@type":"ListItem","position":1,"name":"Home","item":"https:\/\/thefundmentor.com\/"},{"@type":"ListItem","position":2,"name":"Chefe de Equipa Comercial (M\/F\/D): Lidera com Sal\u00e1rio Fixe, Carro e Progress\u00e3o"}]},{"@type":"WebSite","@id":"https:\/\/thefundmentor.com\/#website","url":"https:\/\/thefundmentor.com\/","name":"The Fund Mentor","description":"","publisher":{"@id":"https:\/\/thefundmentor.com\/#organization"},"potentialAction":[{"@type":"SearchAction","target":{"@type":"EntryPoint","urlTemplate":"https:\/\/thefundmentor.com\/?s={search_term_string}"},"query-input":"required name=search_term_string"}],"inLanguage":"it-IT"},{"@type":"Organization","@id":"https:\/\/thefundmentor.com\/#organization","name":"The Fund Mentor","url":"https:\/\/thefundmentor.com\/","logo":{"@type":"ImageObject","inLanguage":"it-IT","@id":"https:\/\/thefundmentor.com\/#\/schema\/logo\/image\/","url":"https:\/\/thefundmentor.com\/wp-content\/uploads\/sites\/506\/2025\/11\/Logo-The-Fund-Mentor.png","contentUrl":"https:\/\/thefundmentor.com\/wp-content\/uploads\/sites\/506\/2025\/11\/Logo-The-Fund-Mentor.png","width":600,"height":600,"caption":"The Fund Mentor"},"image":{"@id":"https:\/\/thefundmentor.com\/#\/schema\/logo\/image\/"}},{"@type":"Person","@id":"https:\/\/thefundmentor.com\/#\/schema\/person\/d52888235fd6563bd07d97185d6a61e4","name":"Bruno Gianni","image":{"@type":"ImageObject","inLanguage":"it-IT","@id":"https:\/\/thefundmentor.com\/#\/schema\/person\/image\/","url":"https:\/\/secure.gravatar.com\/avatar\/0f5d42d7bf77874643c1478932860e3f?s=96&d=mm&r=g","contentUrl":"https:\/\/secure.gravatar.com\/avatar\/0f5d42d7bf77874643c1478932860e3f?s=96&d=mm&r=g","caption":"Bruno Gianni"},"description":"Bruno writes the way he lives, with curiosity, care, and respect for people. He likes to observe, listen, and try to understand what is happening on the other side before putting any words on the page.For him, writing is not about impressing, but about getting closer. It is about turning thoughts into something simple, clear, and real. Every text is an ongoing conversation, created with care and honesty, with the sincere intention of touching someone, somewhere along the way.","url":"https:\/\/thefundmentor.com\/it\/author\/bcgianni\/"}]}},"uagb_featured_image_src":{"full":false,"thumbnail":false,"medium":false,"medium_large":false,"large":false,"1536x1536":false,"2048x2048":false,"trp-custom-language-flag":false},"uagb_author_info":{"display_name":"Bruno Gianni","author_link":"https:\/\/thefundmentor.com\/it\/author\/bcgianni\/"},"uagb_comment_info":0,"uagb_excerpt":"Oferta de Chefe de Equipa Comercial com sal\u00e1rio fixo, comiss\u00f5es, viatura de servi\u00e7o e contrato. Descubra responsabilidades, vantagens e desafios antes de se candidatar \u00e0 vaga!","_links":{"self":[{"href":"https:\/\/thefundmentor.com\/it\/wp-json\/wp\/v2\/posts\/17319"}],"collection":[{"href":"https:\/\/thefundmentor.com\/it\/wp-json\/wp\/v2\/posts"}],"about":[{"href":"https:\/\/thefundmentor.com\/it\/wp-json\/wp\/v2\/types\/post"}],"author":[{"embeddable":true,"href":"https:\/\/thefundmentor.com\/it\/wp-json\/wp\/v2\/users\/3"}],"replies":[{"embeddable":true,"href":"https:\/\/thefundmentor.com\/it\/wp-json\/wp\/v2\/comments?post=17319"}],"version-history":[{"count":1,"href":"https:\/\/thefundmentor.com\/it\/wp-json\/wp\/v2\/posts\/17319\/revisions"}],"predecessor-version":[{"id":17327,"href":"https:\/\/thefundmentor.com\/it\/wp-json\/wp\/v2\/posts\/17319\/revisions\/17327"}],"wp:attachment":[{"href":"https:\/\/thefundmentor.com\/it\/wp-json\/wp\/v2\/media?parent=17319"}],"wp:term":[{"taxonomy":"category","embeddable":true,"href":"https:\/\/thefundmentor.com\/it\/wp-json\/wp\/v2\/categories?post=17319"},{"taxonomy":"post_tag","embeddable":true,"href":"https:\/\/thefundmentor.com\/it\/wp-json\/wp\/v2\/tags?post=17319"}],"curies":[{"name":"wp","href":"https:\/\/api.w.org\/{rel}","templated":true}]}}