{"id":17333,"date":"2026-02-01T22:20:00","date_gmt":"2026-02-01T22:20:00","guid":{"rendered":"https:\/\/thefundmentor.com\/e3030e5e-621f-4c43-a0eb-526cd6551771\/"},"modified":"2026-02-01T22:20:35","modified_gmt":"2026-02-01T22:20:35","slug":"e3030e5e-621f-4c43-a0eb-526cd6551771","status":"publish","type":"post","link":"https:\/\/thefundmentor.com\/fr\/e3030e5e-621f-4c43-a0eb-526cd6551771\/","title":{"rendered":"Designer de Interiores \/ Arquitecta de Interiores \u2013 Sal\u00e1rio Competitivo, Equipa Criativa, Vagas Limitadas"},"content":{"rendered":"<\/p>\n<\/p>\n<div style=\"background: #ffffff; border-radius: 12px; box-shadow: 0 10px 30px rgba(0, 0, 0, 0.1); width: 100%; max-width: 340px; padding: 25px; transition: transform 0.3s ease-in-out; overflow: visible; display: flex; flex-direction: column; position: relative; border: 1px solid #28a745; margin-top: 70px; margin-bottom: 50px; margin-left: auto; margin-right: auto;\">\n<div style=\"position: absolute; top: -35px; right: 15px; color: #28a745; padding: 5px 10px; border-radius: 6px; font-size: 14px; font-weight: bold; display: flex; align-items: center; z-index: 10;\">Recommand\u00e9 pour si<\/div>\n<div data-namespace-header=\"\" style=\"\">\n<h3 data-namespace-title=\"\" style=\"color: #333; font-size: 20px; font-weight: bold; text-align: left; margin-right: 50px; min-height: 50px; margin-top: 0px;\">Designer de Interiores \/ Arquitecta de Interiores<\/h3>\n<\/p><\/div>\n<p data-namespace-prompt=\"\" style=\"font-size: 16px; color: #666; margin-bottom: 20px; line-height: 1.5; flex-grow: 1; text-align: left; margin-top: 0px;\">Procura-se profissional apaixonado, experi\u00eancia em design, oferta com base salarial competitiva, pr\u00e9mios e comiss\u00f5es, equipa din\u00e2mica e projectos inovadores.<\/p>\n<p>    <a data-namespace-url=\"\" href=\"https:\/\/thefundmentor.com\/fr\/redirect\/?https:\/\/www.net-empregos.com\/14476110\/designer-de-interiores-arquitecta-de-interiores-viseu\/?utm_campaign=google_jobs_apply&#038;utm_source=google_jobs_apply&#038;utm_medium=organic\" style=\"width: 100%; display: inline-block; color: white; text-decoration: none; border-radius: 6px; font-size: 16px; font-weight: bold; text-align: center; transition: transform 0.3s ease, background 0.3s ease; margin-top: auto;\" data-namespace-id=\"5c0d2565-3ba9-4280-a382-ad2a691e2285\"><br \/>\n        <button style=\"width: 100%; height: 55px; background: #e9e9ed; border: 1px solid black; color: black;\">Candidatar-se ao emprego<\/button><br \/>\n    <\/a><br \/>\n    <small style=\"margin-top: 10px; color: #777; font-size: 12px; text-align: center; display: block;\">Sera redirig\u00e9 vers un autre site<\/small>\n<\/div>\n<p><!-- Introdu\u00e7\u00e3o --><\/p>\n<p>Esta oportunidade destina-se a profissionais experientes que desejam integrar uma equipa criativa, focada nos resultados, com sala\u0301rio ba\u0301sico atrativo e incentivos mensais. O cargo de Designer de Interiores ou Arquitecta de Interiores destaca-se pela valoriza\u00e7\u00e3o do m\u00e9rito, comiss\u00f5es sobre vendas e pr\u00e9mios de performance para quem ultrapassar objetivos definidos.<\/p>\n<p>Para quem procura estabilidade, este emprego oferece um contrato com objetivos pr\u00e9-definidos, possibilidade de receber forma\u00e7\u00e3o cont\u00ednua, al\u00e9m de vantagens como prenda de anivers\u00e1rio, folgas flex\u00edveis e oportunidade de evolu\u00e7\u00e3o salarial dentro da empresa.<\/p>\n<p>Esta vaga destina-se a candidatos com forma\u00e7\u00e3o em Design ou Arquitetura de Interiores e experi\u00eancia comprovada em vendas de mobili\u00e1rio e decora\u00e7\u00e3o, privilegiando perfis com atitude, boa comunica\u00e7\u00e3o e dom\u00ednio t\u00e9cnico, nomeadamente em AutoCAD.<\/p>\n<h2>Responsabilidades Di\u00e1rias<\/h2>\n<p>O dia-a-dia do Designer de Interiores ou Arquitecta de Interiores envolve atendimento personalizado ao cliente, consultoria est\u00e9tica e funcional, e aconselhamento em mobili\u00e1rio e decora\u00e7\u00e3o.<\/p>\n<p>O profissional ter\u00e1 de acompanhar projetos de concep\u00e7\u00e3o \u00e0 execu\u00e7\u00e3o, garantindo a m\u00e1xima satisfa\u00e7\u00e3o dos clientes, al\u00e9m de participar ativamente na concretiza\u00e7\u00e3o de vendas e no cumprimento de objetivos.<\/p>\n<p>Gest\u00e3o de propostas, prepara\u00e7\u00e3o de or\u00e7amentos e apresenta\u00e7\u00e3o de solu\u00e7\u00f5es criativas s\u00e3o elementos-chave da fun\u00e7\u00e3o. \u00c9 fundamental manter esp\u00edrito de equipa e foco em resultados.<\/p>\n<p>Acompanhar tend\u00eancias do setor e aprimorar conhecimentos t\u00e9cnicos \u00e9 sempre incentivado, refor\u00e7ado pela forma\u00e7\u00e3o interna disponibilizada.<\/p>\n<p>Desde o primeiro contacto at\u00e9 \u00e0 p\u00f3s-venda, o trabalhador \u00e9 o rosto da empresa e contribui diretamente para o crescimento da marca e da equipa.<\/p>\n<h2>Pontos Positivos<\/h2>\n<p>O ambiente de trabalho \u00e9 criativo, motivador e privilegia a colabora\u00e7\u00e3o e a evolu\u00e7\u00e3o de carreira.<\/p>\n<p>As condi\u00e7\u00f5es salariais s\u00e3o vantajosas, com um sal\u00e1rio base competitivo, subs\u00eddios de f\u00e9rias e natal, possibilidade de pr\u00e9mio, al\u00e9m da comiss\u00e3o sobre vendas.<\/p>\n<p>As campanhas de incentivo e reconhecimento interno promovem um crescente sentimento de perten\u00e7a \u00e0 equipa.<\/p>\n<p>O apoio da dire\u00e7\u00e3o \u00e9 constante, proporcionando ferramentas e materiais para facilitar o sucesso di\u00e1rio de cada colaborador.<\/p>\n<p>As folgas rotativas oferecem melhor concilia\u00e7\u00e3o entre a vida pessoal e profissional, sendo um extra a considerar.<\/p>\n<h2>Pontos Negativos<\/h2>\n<p>O ambiente de trabalho pode ser exigente quanto \u00e0 concretiza\u00e7\u00e3o de objetivos mensais, podendo n\u00e3o ser ideal para quem procura ritmo mais est\u00e1vel.<\/p>\n<p>A press\u00e3o por resultados e produtividade \u00e9 constante, exigindo resili\u00eancia e forte compromisso com metas e prazos estabelecidos.<\/p>\n<p>A fun\u00e7\u00e3o requer disponibilidade de hor\u00e1rio, incluindo s\u00e1bados, o que poder\u00e1 limitar alguma flexibilidade aos fins-de-semana.<\/p>\n<p>O contrato pode ser cancelado se n\u00e3o atingir os objetivos definidos, exigindo comprometimento absoluto e adapta\u00e7\u00e3o r\u00e1pida.<\/p>\n<p>O perfil desejado \u00e9 bastante espec\u00edfico, o que pode limitar a candidatura a profissionais com menor experi\u00eancia na \u00e1rea de vendas.<\/p>\n<h2>Veredito Final<\/h2>\n<p>Esta oferta \u00e9 adequada para profissionais experientes, motivados por desafios e que ambicionam crescer numa equipa inovadora.<\/p>\n<p>Para quem valoriza reconhecimento, oportunidades de evolu\u00e7\u00e3o e um ambiente en\u00e9rgico e criativo, \u00e9 sem d\u00favida uma oportunidade a considerar com grande potencial de carreira.<\/p>\n<div style=\"background: #ffffff; border-radius: 12px; box-shadow: 0 10px 30px rgba(0, 0, 0, 0.1); width: 100%; max-width: 340px; padding: 25px; transition: transform 0.3s ease-in-out; overflow: visible; display: flex; flex-direction: column; position: relative; border: 1px solid #28a745; margin-top: 70px; margin-bottom: 50px; margin-left: auto; margin-right: auto;\">\n<div style=\"position: absolute; top: -35px; right: 15px; color: #28a745; padding: 5px 10px; border-radius: 6px; font-size: 14px; font-weight: bold; display: flex; align-items: center; z-index: 10;\">Recommand\u00e9 pour si<\/div>\n<div data-namespace-header=\"\" style=\"\">\n<h3 data-namespace-title=\"\" style=\"color: #333; font-size: 20px; font-weight: bold; text-align: left; margin-right: 50px; min-height: 50px; margin-top: 0px;\">Designer de Interiores \/ Arquitecta de Interiores<\/h3>\n<\/p><\/div>\n<p data-namespace-prompt=\"\" style=\"font-size: 16px; color: #666; margin-bottom: 20px; line-height: 1.5; flex-grow: 1; text-align: left; margin-top: 0px;\">Procura-se profissional apaixonado, experi\u00eancia em design, oferta com base salarial competitiva, pr\u00e9mios e comiss\u00f5es, equipa din\u00e2mica e projectos inovadores.<\/p>\n<p>    <a data-namespace-url=\"\" href=\"https:\/\/thefundmentor.com\/fr\/redirect\/?https:\/\/www.net-empregos.com\/14476110\/designer-de-interiores-arquitecta-de-interiores-viseu\/?utm_campaign=google_jobs_apply&#038;utm_source=google_jobs_apply&#038;utm_medium=organic\" style=\"width: 100%; display: inline-block; color: white; text-decoration: none; border-radius: 6px; font-size: 16px; font-weight: bold; text-align: center; transition: transform 0.3s ease, background 0.3s ease; margin-top: auto;\" data-namespace-id=\"5c0d2565-3ba9-4280-a382-ad2a691e2285\"><br \/>\n        <button style=\"width: 100%; height: 55px; background: #e9e9ed; border: 1px solid black; color: black;\">Candidatar-se ao emprego<\/button><br \/>\n    <\/a><br \/>\n    <small style=\"margin-top: 10px; color: #777; font-size: 12px; text-align: center; display: block;\">Sera redirig\u00e9 vers un autre site<\/small>\n<\/div>","protected":false},"excerpt":{"rendered":"<p>Resumo imparcial da oferta Designer de Interiores \/ Arquitecta de Interiores. Sal\u00e1rio atrativo, pr\u00e9mios, equipa criativa e contrato inovador. Avalia\u00e7\u00e3o isenta para candidatos nesta \u00e1rea.<\/p>","protected":false},"author":3,"featured_media":0,"comment_status":"open","ping_status":"open","sticky":false,"template":"","format":"standard","meta":{"_uag_custom_page_level_css":"","site-sidebar-layout":"default","site-content-layout":"","ast-site-content-layout":"","site-content-style":"default","site-sidebar-style":"default","ast-global-header-display":"","ast-banner-title-visibility":"","ast-main-header-display":"","ast-hfb-above-header-display":"","ast-hfb-below-header-display":"","ast-hfb-mobile-header-display":"","site-post-title":"","ast-breadcrumbs-content":"","ast-featured-img":"","footer-sml-layout":"","theme-transparent-header-meta":"","adv-header-id-meta":"","stick-header-meta":"","header-above-stick-meta":"","header-main-stick-meta":"","header-below-stick-meta":"","astra-migrate-meta-layouts":"default","ast-page-background-enabled":"default","ast-page-background-meta":{"desktop":{"background-color":"var(--ast-global-color-4)","background-image":"","background-repeat":"repeat","background-position":"center center","background-size":"auto","background-attachment":"scroll","background-type":"","background-media":"","overlay-type":"","overlay-color":"","overlay-opacity":"","overlay-gradient":""},"tablet":{"background-color":"","background-image":"","background-repeat":"repeat","background-position":"center center","background-size":"auto","background-attachment":"scroll","background-type":"","background-media":"","overlay-type":"","overlay-color":"","overlay-opacity":"","overlay-gradient":""},"mobile":{"background-color":"","background-image":"","background-repeat":"repeat","background-position":"center center","background-size":"auto","background-attachment":"scroll","background-type":"","background-media":"","overlay-type":"","overlay-color":"","overlay-opacity":"","overlay-gradient":""}},"ast-content-background-meta":{"desktop":{"background-color":"var(--ast-global-color-5)","background-image":"","background-repeat":"repeat","background-position":"center center","background-size":"auto","background-attachment":"scroll","background-type":"","background-media":"","overlay-type":"","overlay-color":"","overlay-opacity":"","overlay-gradient":""},"tablet":{"background-color":"var(--ast-global-color-5)","background-image":"","background-repeat":"repeat","background-position":"center center","background-size":"auto","background-attachment":"scroll","background-type":"","background-media":"","overlay-type":"","overlay-color":"","overlay-opacity":"","overlay-gradient":""},"mobile":{"background-color":"var(--ast-global-color-5)","background-image":"","background-repeat":"repeat","background-position":"center center","background-size":"auto","background-attachment":"scroll","background-type":"","background-media":"","overlay-type":"","overlay-color":"","overlay-opacity":"","overlay-gradient":""}},"footnotes":""},"categories":[9],"tags":[],"yoast_head":"<!-- This site is optimized with the Yoast SEO plugin v23.3 - https:\/\/yoast.com\/wordpress\/plugins\/seo\/ -->\n<title>Designer de Interiores \/ Arquitecta de Interiores \u2013 Sal\u00e1rio Competitivo, Equipa Criativa, Vagas Limitadas - The Fund Mentor<\/title>\n<meta name=\"robots\" content=\"index, follow, max-snippet:-1, max-image-preview:large, max-video-preview:-1\" \/>\n<link rel=\"canonical\" href=\"https:\/\/thefundmentor.com\/fr\/e3030e5e-621f-4c43-a0eb-526cd6551771\/\" \/>\n<meta property=\"og:locale\" content=\"fr_FR\" \/>\n<meta property=\"og:type\" content=\"article\" \/>\n<meta property=\"og:title\" content=\"Designer de Interiores \/ Arquitecta de Interiores \u2013 Sal\u00e1rio Competitivo, Equipa Criativa, Vagas Limitadas - The Fund Mentor\" \/>\n<meta property=\"og:description\" content=\"Resumo imparcial da oferta Designer de Interiores \/ Arquitecta de Interiores. Sal\u00e1rio atrativo, pr\u00e9mios, equipa criativa e contrato inovador. Avalia\u00e7\u00e3o isenta para candidatos nesta \u00e1rea.\" \/>\n<meta property=\"og:url\" content=\"https:\/\/thefundmentor.com\/fr\/e3030e5e-621f-4c43-a0eb-526cd6551771\/\" \/>\n<meta property=\"og:site_name\" content=\"The Fund Mentor\" \/>\n<meta property=\"article:published_time\" content=\"2026-02-01T22:20:00+00:00\" \/>\n<meta property=\"article:modified_time\" content=\"2026-02-01T22:20:35+00:00\" \/>\n<meta name=\"author\" content=\"Bruno Gianni\" \/>\n<meta name=\"twitter:card\" content=\"summary_large_image\" \/>\n<meta name=\"twitter:label1\" content=\"Written by\" \/>\n\t<meta name=\"twitter:data1\" content=\"Bruno Gianni\" \/>\n\t<meta name=\"twitter:label2\" content=\"Est. reading time\" \/>\n\t<meta name=\"twitter:data2\" content=\"3 minutes\" \/>\n<script type=\"application\/ld+json\" class=\"yoast-schema-graph\">{\"@context\":\"https:\/\/schema.org\",\"@graph\":[{\"@type\":\"Article\",\"@id\":\"https:\/\/thefundmentor.com\/e3030e5e-621f-4c43-a0eb-526cd6551771\/#article\",\"isPartOf\":{\"@id\":\"https:\/\/thefundmentor.com\/e3030e5e-621f-4c43-a0eb-526cd6551771\/\"},\"author\":{\"name\":\"Bruno Gianni\",\"@id\":\"https:\/\/thefundmentor.com\/#\/schema\/person\/d52888235fd6563bd07d97185d6a61e4\"},\"headline\":\"Designer de Interiores \/ Arquitecta de Interiores \u2013 Sal\u00e1rio Competitivo, Equipa Criativa, Vagas Limitadas\",\"datePublished\":\"2026-02-01T22:20:00+00:00\",\"dateModified\":\"2026-02-01T22:20:35+00:00\",\"mainEntityOfPage\":{\"@id\":\"https:\/\/thefundmentor.com\/e3030e5e-621f-4c43-a0eb-526cd6551771\/\"},\"wordCount\":624,\"commentCount\":0,\"publisher\":{\"@id\":\"https:\/\/thefundmentor.com\/#organization\"},\"articleSection\":[\"Hidden\"],\"inLanguage\":\"fr-FR\",\"potentialAction\":[{\"@type\":\"CommentAction\",\"name\":\"Comment\",\"target\":[\"https:\/\/thefundmentor.com\/e3030e5e-621f-4c43-a0eb-526cd6551771\/#respond\"]}]},{\"@type\":\"WebPage\",\"@id\":\"https:\/\/thefundmentor.com\/e3030e5e-621f-4c43-a0eb-526cd6551771\/\",\"url\":\"https:\/\/thefundmentor.com\/e3030e5e-621f-4c43-a0eb-526cd6551771\/\",\"name\":\"Designer de Interiores \/ Arquitecta de Interiores \u2013 Sal\u00e1rio Competitivo, Equipa Criativa, Vagas Limitadas - The Fund Mentor\",\"isPartOf\":{\"@id\":\"https:\/\/thefundmentor.com\/#website\"},\"datePublished\":\"2026-02-01T22:20:00+00:00\",\"dateModified\":\"2026-02-01T22:20:35+00:00\",\"breadcrumb\":{\"@id\":\"https:\/\/thefundmentor.com\/e3030e5e-621f-4c43-a0eb-526cd6551771\/#breadcrumb\"},\"inLanguage\":\"fr-FR\",\"potentialAction\":[{\"@type\":\"ReadAction\",\"target\":[\"https:\/\/thefundmentor.com\/e3030e5e-621f-4c43-a0eb-526cd6551771\/\"]}]},{\"@type\":\"BreadcrumbList\",\"@id\":\"https:\/\/thefundmentor.com\/e3030e5e-621f-4c43-a0eb-526cd6551771\/#breadcrumb\",\"itemListElement\":[{\"@type\":\"ListItem\",\"position\":1,\"name\":\"Home\",\"item\":\"https:\/\/thefundmentor.com\/\"},{\"@type\":\"ListItem\",\"position\":2,\"name\":\"Designer de Interiores \/ Arquitecta de Interiores \u2013 Sal\u00e1rio Competitivo, Equipa Criativa, Vagas Limitadas\"}]},{\"@type\":\"WebSite\",\"@id\":\"https:\/\/thefundmentor.com\/#website\",\"url\":\"https:\/\/thefundmentor.com\/\",\"name\":\"The Fund Mentor\",\"description\":\"\",\"publisher\":{\"@id\":\"https:\/\/thefundmentor.com\/#organization\"},\"potentialAction\":[{\"@type\":\"SearchAction\",\"target\":{\"@type\":\"EntryPoint\",\"urlTemplate\":\"https:\/\/thefundmentor.com\/?s={search_term_string}\"},\"query-input\":\"required name=search_term_string\"}],\"inLanguage\":\"fr-FR\"},{\"@type\":\"Organization\",\"@id\":\"https:\/\/thefundmentor.com\/#organization\",\"name\":\"The Fund Mentor\",\"url\":\"https:\/\/thefundmentor.com\/\",\"logo\":{\"@type\":\"ImageObject\",\"inLanguage\":\"fr-FR\",\"@id\":\"https:\/\/thefundmentor.com\/#\/schema\/logo\/image\/\",\"url\":\"https:\/\/thefundmentor.com\/wp-content\/uploads\/sites\/506\/2025\/11\/Logo-The-Fund-Mentor.png\",\"contentUrl\":\"https:\/\/thefundmentor.com\/wp-content\/uploads\/sites\/506\/2025\/11\/Logo-The-Fund-Mentor.png\",\"width\":600,\"height\":600,\"caption\":\"The Fund Mentor\"},\"image\":{\"@id\":\"https:\/\/thefundmentor.com\/#\/schema\/logo\/image\/\"}},{\"@type\":\"Person\",\"@id\":\"https:\/\/thefundmentor.com\/#\/schema\/person\/d52888235fd6563bd07d97185d6a61e4\",\"name\":\"Bruno Gianni\",\"image\":{\"@type\":\"ImageObject\",\"inLanguage\":\"fr-FR\",\"@id\":\"https:\/\/thefundmentor.com\/#\/schema\/person\/image\/\",\"url\":\"https:\/\/secure.gravatar.com\/avatar\/0f5d42d7bf77874643c1478932860e3f?s=96&d=mm&r=g\",\"contentUrl\":\"https:\/\/secure.gravatar.com\/avatar\/0f5d42d7bf77874643c1478932860e3f?s=96&d=mm&r=g\",\"caption\":\"Bruno Gianni\"},\"description\":\"Bruno writes the way he lives, with curiosity, care, and respect for people. He likes to observe, listen, and try to understand what is happening on the other side before putting any words on the page.For him, writing is not about impressing, but about getting closer. It is about turning thoughts into something simple, clear, and real. Every text is an ongoing conversation, created with care and honesty, with the sincere intention of touching someone, somewhere along the way.\",\"url\":\"https:\/\/thefundmentor.com\/fr\/author\/bcgianni\/\"}]}<\/script>\n<!-- \/ Yoast SEO plugin. -->","yoast_head_json":{"title":"Designer de Interiores \/ Arquitecta de Interiores \u2013 Sal\u00e1rio Competitivo, Equipa Criativa, Vagas Limitadas - The Fund Mentor","robots":{"index":"index","follow":"follow","max-snippet":"max-snippet:-1","max-image-preview":"max-image-preview:large","max-video-preview":"max-video-preview:-1"},"canonical":"https:\/\/thefundmentor.com\/fr\/e3030e5e-621f-4c43-a0eb-526cd6551771\/","og_locale":"fr_FR","og_type":"article","og_title":"Designer de Interiores \/ Arquitecta de Interiores \u2013 Sal\u00e1rio Competitivo, Equipa Criativa, Vagas Limitadas - The Fund Mentor","og_description":"Resumo imparcial da oferta Designer de Interiores \/ Arquitecta de Interiores. Sal\u00e1rio atrativo, pr\u00e9mios, equipa criativa e contrato inovador. Avalia\u00e7\u00e3o isenta para candidatos nesta \u00e1rea.","og_url":"https:\/\/thefundmentor.com\/fr\/e3030e5e-621f-4c43-a0eb-526cd6551771\/","og_site_name":"The Fund Mentor","article_published_time":"2026-02-01T22:20:00+00:00","article_modified_time":"2026-02-01T22:20:35+00:00","author":"Bruno Gianni","twitter_card":"summary_large_image","twitter_misc":{"Written by":"Bruno Gianni","Est. reading time":"3 minutes"},"schema":{"@context":"https:\/\/schema.org","@graph":[{"@type":"Article","@id":"https:\/\/thefundmentor.com\/e3030e5e-621f-4c43-a0eb-526cd6551771\/#article","isPartOf":{"@id":"https:\/\/thefundmentor.com\/e3030e5e-621f-4c43-a0eb-526cd6551771\/"},"author":{"name":"Bruno Gianni","@id":"https:\/\/thefundmentor.com\/#\/schema\/person\/d52888235fd6563bd07d97185d6a61e4"},"headline":"Designer de Interiores \/ Arquitecta de Interiores \u2013 Sal\u00e1rio Competitivo, Equipa Criativa, Vagas Limitadas","datePublished":"2026-02-01T22:20:00+00:00","dateModified":"2026-02-01T22:20:35+00:00","mainEntityOfPage":{"@id":"https:\/\/thefundmentor.com\/e3030e5e-621f-4c43-a0eb-526cd6551771\/"},"wordCount":624,"commentCount":0,"publisher":{"@id":"https:\/\/thefundmentor.com\/#organization"},"articleSection":["Hidden"],"inLanguage":"fr-FR","potentialAction":[{"@type":"CommentAction","name":"Comment","target":["https:\/\/thefundmentor.com\/e3030e5e-621f-4c43-a0eb-526cd6551771\/#respond"]}]},{"@type":"WebPage","@id":"https:\/\/thefundmentor.com\/e3030e5e-621f-4c43-a0eb-526cd6551771\/","url":"https:\/\/thefundmentor.com\/e3030e5e-621f-4c43-a0eb-526cd6551771\/","name":"Designer de Interiores \/ Arquitecta de Interiores \u2013 Sal\u00e1rio Competitivo, Equipa Criativa, Vagas Limitadas - The Fund Mentor","isPartOf":{"@id":"https:\/\/thefundmentor.com\/#website"},"datePublished":"2026-02-01T22:20:00+00:00","dateModified":"2026-02-01T22:20:35+00:00","breadcrumb":{"@id":"https:\/\/thefundmentor.com\/e3030e5e-621f-4c43-a0eb-526cd6551771\/#breadcrumb"},"inLanguage":"fr-FR","potentialAction":[{"@type":"ReadAction","target":["https:\/\/thefundmentor.com\/e3030e5e-621f-4c43-a0eb-526cd6551771\/"]}]},{"@type":"BreadcrumbList","@id":"https:\/\/thefundmentor.com\/e3030e5e-621f-4c43-a0eb-526cd6551771\/#breadcrumb","itemListElement":[{"@type":"ListItem","position":1,"name":"Home","item":"https:\/\/thefundmentor.com\/"},{"@type":"ListItem","position":2,"name":"Designer de Interiores \/ Arquitecta de Interiores \u2013 Sal\u00e1rio Competitivo, Equipa Criativa, Vagas Limitadas"}]},{"@type":"WebSite","@id":"https:\/\/thefundmentor.com\/#website","url":"https:\/\/thefundmentor.com\/","name":"The Fund Mentor","description":"","publisher":{"@id":"https:\/\/thefundmentor.com\/#organization"},"potentialAction":[{"@type":"SearchAction","target":{"@type":"EntryPoint","urlTemplate":"https:\/\/thefundmentor.com\/?s={search_term_string}"},"query-input":"required name=search_term_string"}],"inLanguage":"fr-FR"},{"@type":"Organization","@id":"https:\/\/thefundmentor.com\/#organization","name":"The Fund Mentor","url":"https:\/\/thefundmentor.com\/","logo":{"@type":"ImageObject","inLanguage":"fr-FR","@id":"https:\/\/thefundmentor.com\/#\/schema\/logo\/image\/","url":"https:\/\/thefundmentor.com\/wp-content\/uploads\/sites\/506\/2025\/11\/Logo-The-Fund-Mentor.png","contentUrl":"https:\/\/thefundmentor.com\/wp-content\/uploads\/sites\/506\/2025\/11\/Logo-The-Fund-Mentor.png","width":600,"height":600,"caption":"The Fund Mentor"},"image":{"@id":"https:\/\/thefundmentor.com\/#\/schema\/logo\/image\/"}},{"@type":"Person","@id":"https:\/\/thefundmentor.com\/#\/schema\/person\/d52888235fd6563bd07d97185d6a61e4","name":"Bruno Gianni","image":{"@type":"ImageObject","inLanguage":"fr-FR","@id":"https:\/\/thefundmentor.com\/#\/schema\/person\/image\/","url":"https:\/\/secure.gravatar.com\/avatar\/0f5d42d7bf77874643c1478932860e3f?s=96&d=mm&r=g","contentUrl":"https:\/\/secure.gravatar.com\/avatar\/0f5d42d7bf77874643c1478932860e3f?s=96&d=mm&r=g","caption":"Bruno Gianni"},"description":"Bruno writes the way he lives, with curiosity, care, and respect for people. He likes to observe, listen, and try to understand what is happening on the other side before putting any words on the page.For him, writing is not about impressing, but about getting closer. It is about turning thoughts into something simple, clear, and real. Every text is an ongoing conversation, created with care and honesty, with the sincere intention of touching someone, somewhere along the way.","url":"https:\/\/thefundmentor.com\/fr\/author\/bcgianni\/"}]}},"uagb_featured_image_src":{"full":false,"thumbnail":false,"medium":false,"medium_large":false,"large":false,"1536x1536":false,"2048x2048":false,"trp-custom-language-flag":false},"uagb_author_info":{"display_name":"Bruno Gianni","author_link":"https:\/\/thefundmentor.com\/fr\/author\/bcgianni\/"},"uagb_comment_info":0,"uagb_excerpt":"Resumo imparcial da oferta Designer de Interiores \/ Arquitecta de Interiores. Sal\u00e1rio atrativo, pr\u00e9mios, equipa criativa e contrato inovador. Avalia\u00e7\u00e3o isenta para candidatos nesta \u00e1rea.","_links":{"self":[{"href":"https:\/\/thefundmentor.com\/fr\/wp-json\/wp\/v2\/posts\/17333"}],"collection":[{"href":"https:\/\/thefundmentor.com\/fr\/wp-json\/wp\/v2\/posts"}],"about":[{"href":"https:\/\/thefundmentor.com\/fr\/wp-json\/wp\/v2\/types\/post"}],"author":[{"embeddable":true,"href":"https:\/\/thefundmentor.com\/fr\/wp-json\/wp\/v2\/users\/3"}],"replies":[{"embeddable":true,"href":"https:\/\/thefundmentor.com\/fr\/wp-json\/wp\/v2\/comments?post=17333"}],"version-history":[{"count":1,"href":"https:\/\/thefundmentor.com\/fr\/wp-json\/wp\/v2\/posts\/17333\/revisions"}],"predecessor-version":[{"id":17349,"href":"https:\/\/thefundmentor.com\/fr\/wp-json\/wp\/v2\/posts\/17333\/revisions\/17349"}],"wp:attachment":[{"href":"https:\/\/thefundmentor.com\/fr\/wp-json\/wp\/v2\/media?parent=17333"}],"wp:term":[{"taxonomy":"category","embeddable":true,"href":"https:\/\/thefundmentor.com\/fr\/wp-json\/wp\/v2\/categories?post=17333"},{"taxonomy":"post_tag","embeddable":true,"href":"https:\/\/thefundmentor.com\/fr\/wp-json\/wp\/v2\/tags?post=17333"}],"curies":[{"name":"wp","href":"https:\/\/api.w.org\/{rel}","templated":true}]}}